{"id":136268,"date":"2021-12-19T09:54:00","date_gmt":"2021-12-19T14:54:00","guid":{"rendered":"https:\/\/linitiative.ca\/International\/vient-de-paraitre-kamel-jendoubi-la-tunisie-vote-recit-dun-acteur-engage\/"},"modified":"2021-12-19T09:54:00","modified_gmt":"2021-12-19T14:54:00","slug":"vient-de-paraitre-kamel-jendoubi-la-tunisie-vote-recit-dun-acteur-engage","status":"publish","type":"post","link":"https:\/\/linitiative.ca\/International\/vient-de-paraitre-kamel-jendoubi-la-tunisie-vote-recit-dun-acteur-engage\/","title":{"rendered":"Vient de para\u00eetre &#8211; Kamel Jendoubi: La Tunisie vote, R\u00e9cit d\u2019un acteur engag\u00e9"},"content":{"rendered":"<div><img decoding=\"async\" src=\"https:\/\/linitiative.ca\/International\/wp-content\/uploads\/sites\/23\/2021\/12\/1639923149_article.jpg\" alt=\"Vient de para\u00eetre - Kamel Jendoubi: La Tunisie vote, R\u00e9cit d\u2019un acteur engag\u00e9\" align=\"left\">\u00ab Je ne veux pas que l\u2019oubli efface les premiers pas de notre peuple dans l\u2019exercice de sa citoyennet\u00e9 et dans le r\u00e9tablissement de sa souverainet\u00e9 \u00bb. Kamel Jendoubi s\u2019est finalement r\u00e9solu \u00e0 t\u00e9moigner. De toutes les s\u00e9quences qui se sont encha\u00een\u00e9es depuis la chute de l\u2019ancien r\u00e9gime en 2011, l\u2019aboutissement globalement r\u00e9ussi des \u00e9lections pour la Constituante, le 23 octobre 2011, n\u2019a pas encore livr\u00e9 tous ses secrets. Premier pr\u00e9sident de l\u2019ISIE, il restitue dans un ouvrage intitul\u00e9 La Tunisie vote, R\u00e9cit d\u2019un acteur engag\u00e9, paru aux \u00e9ditions Nirvana, avec le soutien de la Fondation Friedrich Ebert, un v\u00e9ritable parcours collectif de combattants.<br \/>\n\u00ab &#8230;<\/p>\n<\/div>\n<p>Auteur:<br \/>\n<a href=\"https:\/\/www.leaders.com.tn\/article\/32783-vient-de-paraitre-kamel-jendoubi-la-tunisie-vote-recit-d-un-acteur-engage\">Cliquez ici pour lire l&rsquo;article depuis sa source.<\/a><\/p>\n","protected":false},"excerpt":{"rendered":"<p>\u00ab Je ne veux pas que l\u2019oubli efface les premiers pas de notre peuple dans l\u2019exercice de sa citoyennet\u00e9 et dans le r\u00e9tablissement de sa souverainet\u00e9 \u00bb. Kamel Jendoubi s\u2019est finalement r\u00e9solu \u00e0 t\u00e9moigner. De toutes les s\u00e9quences qui se sont encha\u00een\u00e9es depuis la chute de l\u2019ancien r\u00e9gime en 2011, l\u2019aboutissement globalement r\u00e9ussi des \u00e9lections [&hellip;]<\/p>\n","protected":false},"author":1772,"featured_media":0,"comment_status":"closed","ping_status":"closed","sticky":false,"template":"","format":"standard","meta":{"fifu_image_url":"http:\/\/www.leaders.com.tn\/uploads\/content\/thumbnails_small\/1639923149_article.jpg","fifu_image_alt":"Vient de para\u00eetre - Kamel Jendoubi: La Tunisie vote, R\u00e9cit d\u2019un acteur engag\u00e9","footnotes":""},"categories":[73,55],"tags":[],"class_list":["post-136268","post","type-post","status-publish","format-standard","hentry","category-actualite","category-tunisie"],"_links":{"self":[{"href":"https:\/\/linitiative.ca\/International\/wp-json\/wp\/v2\/posts\/136268","targetHints":{"allow":["GET"]}}],"collection":[{"href":"https:\/\/linitiative.ca\/International\/wp-json\/wp\/v2\/posts"}],"about":[{"href":"https:\/\/linitiative.ca\/International\/wp-json\/wp\/v2\/types\/post"}],"author":[{"embeddable":true,"href":"https:\/\/linitiative.ca\/International\/wp-json\/wp\/v2\/users\/1772"}],"replies":[{"embeddable":true,"href":"https:\/\/linitiative.ca\/International\/wp-json\/wp\/v2\/comments?post=136268"}],"version-history":[{"count":0,"href":"https:\/\/linitiative.ca\/International\/wp-json\/wp\/v2\/posts\/136268\/revisions"}],"wp:attachment":[{"href":"https:\/\/linitiative.ca\/International\/wp-json\/wp\/v2\/media?parent=136268"}],"wp:term":[{"taxonomy":"category","embeddable":true,"href":"https:\/\/linitiative.ca\/International\/wp-json\/wp\/v2\/categories?post=136268"},{"taxonomy":"post_tag","embeddable":true,"href":"https:\/\/linitiative.ca\/International\/wp-json\/wp\/v2\/tags?post=136268"}],"curies":[{"name":"wp","href":"https:\/\/api.w.org\/{rel}","templated":true}]}}