{"id":136337,"date":"2021-12-20T11:20:48","date_gmt":"2021-12-20T16:20:48","guid":{"rendered":"https:\/\/linitiative.ca\/International\/palmeraie-holding-mohamed-lazaar-nomme-dg-du-pole-industrie-distribution\/"},"modified":"2021-12-20T11:20:48","modified_gmt":"2021-12-20T16:20:48","slug":"palmeraie-holding-mohamed-lazaar-nomme-dg-du-pole-industrie-distribution","status":"publish","type":"post","link":"https:\/\/linitiative.ca\/International\/palmeraie-holding-mohamed-lazaar-nomme-dg-du-pole-industrie-distribution\/","title":{"rendered":"Palmeraie Holding: Mohamed Lazaar nomm\u00e9 DG du p\u00f4le Industrie &amp; Distribution"},"content":{"rendered":"<div>\n<div class=\"field field-name-body field-type-text-with-summary field-label-hidden\">\n<div class=\"field-items\">\n<div class=\"field-item even\" property=\"content:encoded\">\n<p class=\"rtejustify\">Mohamed Lazaar est le nouveau DG du p\u00f4le Industrie &amp; Distribution de Palmeraie Holding. Il a \u00e9t\u00e9 nomm\u00e9 par le conseil d\u2019administration de la holding depuis le 15 d\u00e9cembre dernier. Ancien DG de la Compagnie mini\u00e8re de Touissit (CMT) qu\u2019il a dirig\u00e9e pendant 11 ans, Lazaar devra assurer la continuit\u00e9 du d\u00e9veloppement strat\u00e9gique du p\u00f4le Industrie &amp; Distribution de Palmeraie entam\u00e9 ces derni\u00e8res ann\u00e9es. Cet ing\u00e9nieur de formation dispose d\u2019une exp\u00e9rience de plus de 40 ans, occupant, entre autres, le poste de DG \u00e0 Managem et \u00e0 Cosumar.<\/p>\n<\/div>\n<\/div>\n<\/div>\n<\/div>\n<p>Auteur: hgueye<br \/>\n<a href=\"https:\/\/www.leconomiste.com\/flash-infos\/palmeraie-holding-mohamed-lazaar-nomme-dg-du-pole-industrie-distribution\">Cliquez ici pour lire l&rsquo;article depuis sa source.<\/a><\/p>\n","protected":false},"excerpt":{"rendered":"<p>Mohamed Lazaar est le nouveau DG du p\u00f4le Industrie &amp; Distribution de Palmeraie Holding. Il a \u00e9t\u00e9 nomm\u00e9 par le conseil d\u2019administration de la holding depuis le 15 d\u00e9cembre dernier. Ancien DG de la Compagnie mini\u00e8re de Touissit (CMT) qu\u2019il a dirig\u00e9e pendant 11 ans, Lazaar devra assurer la continuit\u00e9 du d\u00e9veloppement strat\u00e9gique du p\u00f4le [&hellip;]<\/p>\n","protected":false},"author":1763,"featured_media":0,"comment_status":"closed","ping_status":"closed","sticky":false,"template":"","format":"standard","meta":{"fifu_image_url":"","fifu_image_alt":"","footnotes":""},"categories":[78,54],"tags":[],"class_list":["post-136337","post","type-post","status-publish","format-standard","hentry","category-economie","category-maroc"],"_links":{"self":[{"href":"https:\/\/linitiative.ca\/International\/wp-json\/wp\/v2\/posts\/136337","targetHints":{"allow":["GET"]}}],"collection":[{"href":"https:\/\/linitiative.ca\/International\/wp-json\/wp\/v2\/posts"}],"about":[{"href":"https:\/\/linitiative.ca\/International\/wp-json\/wp\/v2\/types\/post"}],"author":[{"embeddable":true,"href":"https:\/\/linitiative.ca\/International\/wp-json\/wp\/v2\/users\/1763"}],"replies":[{"embeddable":true,"href":"https:\/\/linitiative.ca\/International\/wp-json\/wp\/v2\/comments?post=136337"}],"version-history":[{"count":0,"href":"https:\/\/linitiative.ca\/International\/wp-json\/wp\/v2\/posts\/136337\/revisions"}],"wp:attachment":[{"href":"https:\/\/linitiative.ca\/International\/wp-json\/wp\/v2\/media?parent=136337"}],"wp:term":[{"taxonomy":"category","embeddable":true,"href":"https:\/\/linitiative.ca\/International\/wp-json\/wp\/v2\/categories?post=136337"},{"taxonomy":"post_tag","embeddable":true,"href":"https:\/\/linitiative.ca\/International\/wp-json\/wp\/v2\/tags?post=136337"}],"curies":[{"name":"wp","href":"https:\/\/api.w.org\/{rel}","templated":true}]}}