{"id":136358,"date":"2021-12-20T11:25:31","date_gmt":"2021-12-20T16:25:31","guid":{"rendered":"https:\/\/linitiative.ca\/International\/le-roadshow-sur-lagregation-agricole-nouvelle-generation-fait-escale-a-casablanca\/"},"modified":"2021-12-20T11:25:31","modified_gmt":"2021-12-20T16:25:31","slug":"le-roadshow-sur-lagregation-agricole-nouvelle-generation-fait-escale-a-casablanca","status":"publish","type":"post","link":"https:\/\/linitiative.ca\/International\/le-roadshow-sur-lagregation-agricole-nouvelle-generation-fait-escale-a-casablanca\/","title":{"rendered":"Le roadshow sur l\u2019agr\u00e9gation agricole nouvelle g\u00e9n\u00e9ration fait escale \u00e0 Casablanca"},"content":{"rendered":"<div><img decoding=\"async\" width=\"797\" height=\"516\" src=\"https:\/\/linitiative.ca\/International\/wp-content\/uploads\/sites\/23\/2021\/12\/AGRI.png\" class=\"attachment-post-thumbnail size-post-thumbnail wp-post-image\" alt=\"\" loading=\"lazy\" srcset=\"https:\/\/linitiative.ca\/International\/wp-content\/uploads\/sites\/23\/2021\/12\/AGRI.png 797w, https:\/\/www.challenge.ma\/wp-content\/uploads\/2021\/12\/AGRI-300x194.png 300w, https:\/\/www.challenge.ma\/wp-content\/uploads\/2021\/12\/AGRI-768x497.png 768w, https:\/\/www.challenge.ma\/wp-content\/uploads\/2021\/12\/AGRI-360x233.png 360w, https:\/\/www.challenge.ma\/wp-content\/uploads\/2021\/12\/AGRI-750x486.png 750w\" sizes=\"auto, (max-width: 797px) 100vw, 797px\" itemprop=\"image\">Deux semaines apr\u00e8s le lancement \u00e0 K\u00e9nitra du Roadshow sur l\u2019agr\u00e9gation agricole de nouvelle g\u00e9n\u00e9ration, et ce dans le cadre de la mise en \u0153uvre de la nouvelle strat\u00e9gie agricole \u00ab\u00a0G\u00e9n\u00e9ration Green 2020-2030\u00a0\u00bb, la caravane a fait dans la capitale \u00e9conomique, ce 20 d\u00e9cembre. L\u2019Agence pour le D\u00e9veloppement Agricole (ADA)<\/div>\n<p>Auteur: challenge<br \/>\n<a href=\"https:\/\/www.challenge.ma\/le-roadshow-sur-lagregation-agricole-nouvelle-generation-fait-escale-a-casablanca-228939\/\">Cliquez ici pour lire l&rsquo;article depuis sa source.<\/a><\/p>\n","protected":false},"excerpt":{"rendered":"<p>Deux semaines apr\u00e8s le lancement \u00e0 K\u00e9nitra du Roadshow sur l\u2019agr\u00e9gation agricole de nouvelle g\u00e9n\u00e9ration, et ce dans le cadre de la mise en \u0153uvre de la nouvelle strat\u00e9gie agricole \u00ab\u00a0G\u00e9n\u00e9ration Green 2020-2030\u00a0\u00bb, la caravane a fait dans la capitale \u00e9conomique, ce 20 d\u00e9cembre. L\u2019Agence pour le D\u00e9veloppement Agricole (ADA) Auteur: challenge Cliquez ici pour [&hellip;]<\/p>\n","protected":false},"author":1787,"featured_media":0,"comment_status":"closed","ping_status":"closed","sticky":false,"template":"","format":"standard","meta":{"fifu_image_url":"https:\/\/www.challenge.ma\/wp-content\/uploads\/2021\/12\/AGRI.png","fifu_image_alt":"Le roadshow sur l\u2019agr\u00e9gation agricole nouvelle g\u00e9n\u00e9ration fait escale \u00e0 Casablanca","footnotes":""},"categories":[78,54],"tags":[],"class_list":["post-136358","post","type-post","status-publish","format-standard","hentry","category-economie","category-maroc"],"_links":{"self":[{"href":"https:\/\/linitiative.ca\/International\/wp-json\/wp\/v2\/posts\/136358","targetHints":{"allow":["GET"]}}],"collection":[{"href":"https:\/\/linitiative.ca\/International\/wp-json\/wp\/v2\/posts"}],"about":[{"href":"https:\/\/linitiative.ca\/International\/wp-json\/wp\/v2\/types\/post"}],"author":[{"embeddable":true,"href":"https:\/\/linitiative.ca\/International\/wp-json\/wp\/v2\/users\/1787"}],"replies":[{"embeddable":true,"href":"https:\/\/linitiative.ca\/International\/wp-json\/wp\/v2\/comments?post=136358"}],"version-history":[{"count":0,"href":"https:\/\/linitiative.ca\/International\/wp-json\/wp\/v2\/posts\/136358\/revisions"}],"wp:attachment":[{"href":"https:\/\/linitiative.ca\/International\/wp-json\/wp\/v2\/media?parent=136358"}],"wp:term":[{"taxonomy":"category","embeddable":true,"href":"https:\/\/linitiative.ca\/International\/wp-json\/wp\/v2\/categories?post=136358"},{"taxonomy":"post_tag","embeddable":true,"href":"https:\/\/linitiative.ca\/International\/wp-json\/wp\/v2\/tags?post=136358"}],"curies":[{"name":"wp","href":"https:\/\/api.w.org\/{rel}","templated":true}]}}