{"id":136360,"date":"2021-12-20T13:54:16","date_gmt":"2021-12-20T18:54:16","guid":{"rendered":"https:\/\/linitiative.ca\/International\/maroc-le-delai-dadmission-temporaire-des-vehicules-immatricules-a-letranger-est-proroge\/"},"modified":"2021-12-20T13:54:16","modified_gmt":"2021-12-20T18:54:16","slug":"maroc-le-delai-dadmission-temporaire-des-vehicules-immatricules-a-letranger-est-proroge","status":"publish","type":"post","link":"https:\/\/linitiative.ca\/International\/maroc-le-delai-dadmission-temporaire-des-vehicules-immatricules-a-letranger-est-proroge\/","title":{"rendered":"Maroc. Le d\u00e9lai d\u2019admission temporaire des v\u00e9hicules immatricul\u00e9s \u00e0 l\u2019\u00e9tranger est prorog\u00e9"},"content":{"rendered":"<div><img decoding=\"async\" width=\"636\" height=\"360\" src=\"https:\/\/linitiative.ca\/International\/wp-content\/uploads\/sites\/23\/2021\/12\/Admission-temporaire-2-636-x-360.jpg\" class=\"attachment-post-thumbnail size-post-thumbnail wp-post-image\" alt=\"\" loading=\"lazy\" srcset=\"https:\/\/linitiative.ca\/International\/wp-content\/uploads\/sites\/23\/2021\/12\/Admission-temporaire-2-636-x-360.jpg 636w, https:\/\/www.challenge.ma\/wp-content\/uploads\/2021\/12\/Admission-temporaire-2-636-x-360-300x170.jpg 300w, https:\/\/www.challenge.ma\/wp-content\/uploads\/2021\/12\/Admission-temporaire-2-636-x-360-360x204.jpg 360w\" sizes=\"auto, (max-width: 636px) 100vw, 636px\" itemprop=\"image\">L\u2019Administration des douanes et imp\u00f4ts indirects vient fra\u00eechement d\u2019annoncer la prorogation du d\u00e9lai de validit\u00e9 des admissions temporaires (AT) des v\u00e9hicules de tourisme. En cons\u00e9quence, l\u2019Administration informe les Marocains du Monde, mais \u00e9galement les touristes \u00e9trangers que compte tenu de la persistance des difficult\u00e9s de d\u00e9placement \u00e0 l\u2019international, le d\u00e9lai<\/div>\n<p>Auteur: challenge<br \/>\n<a href=\"https:\/\/www.challenge.ma\/maroc-le-delai-dadmission-temporaire-des-vehicules-immatricules-a-letranger-est-proroge-228954\/\">Cliquez ici pour lire l&rsquo;article depuis sa source.<\/a><\/p>\n","protected":false},"excerpt":{"rendered":"<p>L\u2019Administration des douanes et imp\u00f4ts indirects vient fra\u00eechement d\u2019annoncer la prorogation du d\u00e9lai de validit\u00e9 des admissions temporaires (AT) des v\u00e9hicules de tourisme. En cons\u00e9quence, l\u2019Administration informe les Marocains du Monde, mais \u00e9galement les touristes \u00e9trangers que compte tenu de la persistance des difficult\u00e9s de d\u00e9placement \u00e0 l\u2019international, le d\u00e9lai Auteur: challenge Cliquez ici pour [&hellip;]<\/p>\n","protected":false},"author":1787,"featured_media":0,"comment_status":"closed","ping_status":"closed","sticky":false,"template":"","format":"standard","meta":{"fifu_image_url":"https:\/\/www.challenge.ma\/wp-content\/uploads\/2021\/12\/Admission-temporaire-2-636-x-360.jpg","fifu_image_alt":"Maroc. Le d\u00e9lai d\u2019admission temporaire des v\u00e9hicules immatricul\u00e9s \u00e0 l\u2019\u00e9tranger est prorog\u00e9","footnotes":""},"categories":[78,54],"tags":[],"class_list":["post-136360","post","type-post","status-publish","format-standard","hentry","category-economie","category-maroc"],"_links":{"self":[{"href":"https:\/\/linitiative.ca\/International\/wp-json\/wp\/v2\/posts\/136360","targetHints":{"allow":["GET"]}}],"collection":[{"href":"https:\/\/linitiative.ca\/International\/wp-json\/wp\/v2\/posts"}],"about":[{"href":"https:\/\/linitiative.ca\/International\/wp-json\/wp\/v2\/types\/post"}],"author":[{"embeddable":true,"href":"https:\/\/linitiative.ca\/International\/wp-json\/wp\/v2\/users\/1787"}],"replies":[{"embeddable":true,"href":"https:\/\/linitiative.ca\/International\/wp-json\/wp\/v2\/comments?post=136360"}],"version-history":[{"count":0,"href":"https:\/\/linitiative.ca\/International\/wp-json\/wp\/v2\/posts\/136360\/revisions"}],"wp:attachment":[{"href":"https:\/\/linitiative.ca\/International\/wp-json\/wp\/v2\/media?parent=136360"}],"wp:term":[{"taxonomy":"category","embeddable":true,"href":"https:\/\/linitiative.ca\/International\/wp-json\/wp\/v2\/categories?post=136360"},{"taxonomy":"post_tag","embeddable":true,"href":"https:\/\/linitiative.ca\/International\/wp-json\/wp\/v2\/tags?post=136360"}],"curies":[{"name":"wp","href":"https:\/\/api.w.org\/{rel}","templated":true}]}}