{"id":136364,"date":"2021-12-20T15:16:05","date_gmt":"2021-12-20T20:16:05","guid":{"rendered":"https:\/\/linitiative.ca\/International\/des-politiciens-espagnols-appellent-a-une-reconciliation-effective-avec-le-maroc\/"},"modified":"2021-12-20T15:16:05","modified_gmt":"2021-12-20T20:16:05","slug":"des-politiciens-espagnols-appellent-a-une-reconciliation-effective-avec-le-maroc","status":"publish","type":"post","link":"https:\/\/linitiative.ca\/International\/des-politiciens-espagnols-appellent-a-une-reconciliation-effective-avec-le-maroc\/","title":{"rendered":"Des politiciens espagnols appellent \u00e0 une r\u00e9conciliation effective avec le Maroc"},"content":{"rendered":"<div><img decoding=\"async\" width=\"1280\" height=\"720\" src=\"https:\/\/linitiative.ca\/International\/wp-content\/uploads\/sites\/23\/2021\/12\/pedro-san.jpg\" class=\"attachment-post-thumbnail size-post-thumbnail wp-post-image\" alt=\"\" loading=\"lazy\" srcset=\"https:\/\/linitiative.ca\/International\/wp-content\/uploads\/sites\/23\/2021\/12\/pedro-san.jpg 1280w, https:\/\/www.challenge.ma\/wp-content\/uploads\/2021\/12\/pedro-san-300x169.jpg 300w, https:\/\/www.challenge.ma\/wp-content\/uploads\/2021\/12\/pedro-san-1024x576.jpg 1024w, https:\/\/www.challenge.ma\/wp-content\/uploads\/2021\/12\/pedro-san-768x432.jpg 768w, https:\/\/www.challenge.ma\/wp-content\/uploads\/2021\/12\/pedro-san-360x203.jpg 360w, https:\/\/www.challenge.ma\/wp-content\/uploads\/2021\/12\/pedro-san-750x422.jpg 750w\" sizes=\"auto, (max-width: 1280px) 100vw, 1280px\" itemprop=\"image\">Apr\u00e8s des mois de tensions diplomatiques, Madrid et Rabat sont sur le chemin de l\u2019apaisement. D\u2019apr\u00e8s la presse espagnole, les deux pays ont tout int\u00e9r\u00eat \u00e0 repartir sur de nouvelles bases car ils ont besoin l\u2019un de\u00a0l\u2019autre. Ces pr\u00e9mices de r\u00e9conciliation ont tout d\u2019abord, pour rappel, \u00e9t\u00e9 pos\u00e9s par le<\/div>\n<p>Auteur: challenge<br \/>\n<a href=\"https:\/\/www.challenge.ma\/des-politiciens-espagnols-appellent-a-une-reconciliation-effective-avec-le-maroc-228920\/\">Cliquez ici pour lire l&rsquo;article depuis sa source.<\/a><\/p>\n","protected":false},"excerpt":{"rendered":"<p>Apr\u00e8s des mois de tensions diplomatiques, Madrid et Rabat sont sur le chemin de l\u2019apaisement. D\u2019apr\u00e8s la presse espagnole, les deux pays ont tout int\u00e9r\u00eat \u00e0 repartir sur de nouvelles bases car ils ont besoin l\u2019un de\u00a0l\u2019autre. Ces pr\u00e9mices de r\u00e9conciliation ont tout d\u2019abord, pour rappel, \u00e9t\u00e9 pos\u00e9s par le Auteur: challenge Cliquez ici pour [&hellip;]<\/p>\n","protected":false},"author":1787,"featured_media":0,"comment_status":"closed","ping_status":"closed","sticky":false,"template":"","format":"standard","meta":{"fifu_image_url":"https:\/\/www.challenge.ma\/wp-content\/uploads\/2021\/12\/pedro-san.jpg","fifu_image_alt":"Des politiciens espagnols appellent \u00e0 une r\u00e9conciliation effective avec le Maroc","footnotes":""},"categories":[78,54],"tags":[],"class_list":["post-136364","post","type-post","status-publish","format-standard","hentry","category-economie","category-maroc"],"_links":{"self":[{"href":"https:\/\/linitiative.ca\/International\/wp-json\/wp\/v2\/posts\/136364","targetHints":{"allow":["GET"]}}],"collection":[{"href":"https:\/\/linitiative.ca\/International\/wp-json\/wp\/v2\/posts"}],"about":[{"href":"https:\/\/linitiative.ca\/International\/wp-json\/wp\/v2\/types\/post"}],"author":[{"embeddable":true,"href":"https:\/\/linitiative.ca\/International\/wp-json\/wp\/v2\/users\/1787"}],"replies":[{"embeddable":true,"href":"https:\/\/linitiative.ca\/International\/wp-json\/wp\/v2\/comments?post=136364"}],"version-history":[{"count":0,"href":"https:\/\/linitiative.ca\/International\/wp-json\/wp\/v2\/posts\/136364\/revisions"}],"wp:attachment":[{"href":"https:\/\/linitiative.ca\/International\/wp-json\/wp\/v2\/media?parent=136364"}],"wp:term":[{"taxonomy":"category","embeddable":true,"href":"https:\/\/linitiative.ca\/International\/wp-json\/wp\/v2\/categories?post=136364"},{"taxonomy":"post_tag","embeddable":true,"href":"https:\/\/linitiative.ca\/International\/wp-json\/wp\/v2\/tags?post=136364"}],"curies":[{"name":"wp","href":"https:\/\/api.w.org\/{rel}","templated":true}]}}