{"id":136385,"date":"2021-12-20T07:14:57","date_gmt":"2021-12-20T12:14:57","guid":{"rendered":"https:\/\/linitiative.ca\/International\/une-plateforme-commune-de-regulation-du-secteur-de-la-communication-voit-le-jour-en-afrique-centrale\/"},"modified":"2021-12-20T07:14:57","modified_gmt":"2021-12-20T12:14:57","slug":"une-plateforme-commune-de-regulation-du-secteur-de-la-communication-voit-le-jour-en-afrique-centrale","status":"publish","type":"post","link":"https:\/\/linitiative.ca\/International\/une-plateforme-commune-de-regulation-du-secteur-de-la-communication-voit-le-jour-en-afrique-centrale\/","title":{"rendered":"Une plateforme commune de r\u00e9gulation du secteur de la communication voit le jour en Afrique Centrale"},"content":{"rendered":"<div>\n<p>Le 14 d\u00e9cembre dernier, \u00e0 l\u2019initiative du pr\u00e9sident du Conseil national de la communication du Cameroun (CNC), s\u2019est tenue \u00e0 Kribi une r\u00e9union des r\u00e9gulateurs de la communication des \u00c9tats membres de la Communaut\u00e9 \u00e9conomique des \u00c9tats de l\u2019Afrique centrale(Ceeac). R\u00e9union\u00a0coordonn\u00e9e par Joseph Chebongkeng Kalabubsu, pr\u00e9sident en exercice du\u00a0R\u00e9seau des instances africaines de r\u00e9gulation de la communication (Riarc). Elle avait pour but \u00abde mat\u00e9rialiser la cr\u00e9ation de la plateforme des r\u00e9gulateurs de la communication d\u2019Afrique Centrale\u00a0\u00bb, indique le communiqu\u00e9 final de la session. C\u2019est dans ce sens que les membres ont statu\u00e9 sur les fondamentaux de cette plateforme \u00e0 l\u2019instar des statuts et r\u00e8glements int\u00e9rieurs, des organes dirigeants, du secr\u00e9tariat technique permanent entre autres. On apprendra alors que la plateforme qui constitue un cadre formel d\u2019\u00e9changes d\u2019id\u00e9es et d\u2019exp\u00e9riences, vise \u00e0 mener des r\u00e9flexions sur les enjeux technologiques, culturels, sociologique, politiques et \u00e9conomique du secteur de la communication sociale en Afrique Centrale, d\u2019une part, et d\u2019autre part d\u2019am\u00e9liorer les performances technique et \u00e9conomiques de ses membres par le renforcement de leurs capacit\u00e9s.\u00a0 Cette plateforme intervient ainsi \u00a0dans un contexte o\u00f9\u00a0\u00a0les r\u00e9seaux sociaux ont presque mis de c\u00f4t\u00e9 les m\u00e9dias traditionnels.\u00a0\u00ab C\u2019est une occasion pour l\u2019Afrique centrale de cr\u00e9er une plateforme pour f\u00e9d\u00e9rer les r\u00e9gulateurs et affronter les nouveaux challenges\u00bb, a soulign\u00e9 Joseph Chebongkeng Kalabubsu. Selon le patron du CNC, les m\u00e9dias doivent faire preuve de responsabilit\u00e9, surtout en temps de crise pour donner la bonne information. Pour cela, les professionnels sont exhort\u00e9s \u00e0 filtrer les discours haineux et les Fake News en circulation sur les r\u00e9seaux sociaux.<\/p>\n<p>A l\u2019issue de la r\u00e9union du comit\u00e9, les membres ont d\u00e9cid\u00e9 \u00e0 l\u2019unanimit\u00e9 de porter Joseph Chebonkeng Kalabubsu, pr\u00e9sident de la plateforme des r\u00e9gulateurs de l\u2019audiovisuel et de la communication des Etats de l\u2019Afrique Centrale, pour un mandat de deux. Barore Cleophase \u00a0par ailleurs pr\u00e9sident de la plateforme de la Rwanda M\u00e9dia Commission quant \u00e0 lui, a \u00e9t\u00e9 nomm\u00e9 au poste de vice-pr\u00e9sident de la plateforme aussi pour un mandat de deux ans.<\/p>\n<p>Notons que \u00a0le Cameroun a \u00e9t\u00e9 d\u00e9sign\u00e9 comme pays si\u00e8ge de la plateforme des R\u00e9gulateurs de l\u2019Audiovisuel et de la communication des Etats de l\u2019Afrique Centrale, abritant par la m\u00eame occasion\u00a0 le secr\u00e9tariat Technique permanent de la plateforme. \u00a0Les pays d\u2019Afrique centrale viennent d\u2019embo\u00eeter le pas \u00e0 ceux de l\u2019Afrique de l\u2019Ouest en mati\u00e8re d\u2019harmonisation de leur r\u00e9glementation.<\/p>\n<p>L\u2019article <a rel=\"nofollow\" href=\"https:\/\/ecomatin.net\/une-plateforme-commune-de-regulation-du-secteur-de-la-communication-voit-le-jour-en-afrique-centrale\/\">Une plateforme commune de r\u00e9gulation du secteur de la communication voit le jour en Afrique Centrale<\/a> est apparu en premier sur <a rel=\"nofollow\" href=\"https:\/\/ecomatin.net\/\">EcoMatin<\/a>.<\/p>\n<\/div>\n<p>Auteur: Amina MALLOUM<br \/>\n<a href=\"https:\/\/ecomatin.net\/une-plateforme-commune-de-regulation-du-secteur-de-la-communication-voit-le-jour-en-afrique-centrale\/\">Cliquez ici pour lire l&rsquo;article depuis sa source.<\/a><\/p>\n","protected":false},"excerpt":{"rendered":"<p>Le 14 d\u00e9cembre dernier, \u00e0 l\u2019initiative du pr\u00e9sident du Conseil national de la communication du Cameroun (CNC), s\u2019est tenue \u00e0 Kribi une r\u00e9union des r\u00e9gulateurs de la communication des \u00c9tats membres de la Communaut\u00e9 \u00e9conomique des \u00c9tats de l\u2019Afrique centrale(Ceeac). R\u00e9union\u00a0coordonn\u00e9e par Joseph Chebongkeng Kalabubsu, pr\u00e9sident en exercice du\u00a0R\u00e9seau des instances africaines de r\u00e9gulation de [&hellip;]<\/p>\n","protected":false},"author":1969,"featured_media":0,"comment_status":"closed","ping_status":"closed","sticky":false,"template":"","format":"standard","meta":{"fifu_image_url":"","fifu_image_alt":"","footnotes":""},"categories":[82,78],"tags":[],"class_list":["post-136385","post","type-post","status-publish","format-standard","hentry","category-cameroun","category-economie"],"_links":{"self":[{"href":"https:\/\/linitiative.ca\/International\/wp-json\/wp\/v2\/posts\/136385","targetHints":{"allow":["GET"]}}],"collection":[{"href":"https:\/\/linitiative.ca\/International\/wp-json\/wp\/v2\/posts"}],"about":[{"href":"https:\/\/linitiative.ca\/International\/wp-json\/wp\/v2\/types\/post"}],"author":[{"embeddable":true,"href":"https:\/\/linitiative.ca\/International\/wp-json\/wp\/v2\/users\/1969"}],"replies":[{"embeddable":true,"href":"https:\/\/linitiative.ca\/International\/wp-json\/wp\/v2\/comments?post=136385"}],"version-history":[{"count":0,"href":"https:\/\/linitiative.ca\/International\/wp-json\/wp\/v2\/posts\/136385\/revisions"}],"wp:attachment":[{"href":"https:\/\/linitiative.ca\/International\/wp-json\/wp\/v2\/media?parent=136385"}],"wp:term":[{"taxonomy":"category","embeddable":true,"href":"https:\/\/linitiative.ca\/International\/wp-json\/wp\/v2\/categories?post=136385"},{"taxonomy":"post_tag","embeddable":true,"href":"https:\/\/linitiative.ca\/International\/wp-json\/wp\/v2\/tags?post=136385"}],"curies":[{"name":"wp","href":"https:\/\/api.w.org\/{rel}","templated":true}]}}