{"id":136402,"date":"2021-12-20T13:00:00","date_gmt":"2021-12-20T18:00:00","guid":{"rendered":"https:\/\/linitiative.ca\/International\/grogne-des-operateurs-de-lart-et-culture\/"},"modified":"2021-12-20T13:00:00","modified_gmt":"2021-12-20T18:00:00","slug":"grogne-des-operateurs-de-lart-et-culture","status":"publish","type":"post","link":"https:\/\/linitiative.ca\/International\/grogne-des-operateurs-de-lart-et-culture\/","title":{"rendered":"Grogne des op\u00e9rateurs de l\u2019art et culture !"},"content":{"rendered":"<div>\n<p class=\"has-black-color has-text-color\"><strong>Quelques temps apr\u00e8s la prise de d\u00e9cision jug\u00e9e h\u00e2tive et compromettante, relative \u00e0 l\u2019interdiction des manifestations culturelles et artistiques, les professionnels de ce domaine montent au cr\u00e9neau. Ils estiment que cet acte est insens\u00e9 compte tenu de la gravit\u00e9 de ses retomb\u00e9es sur leur situation critique. \u00ab\u00a0C\u2019est du pur arbitraire qui vise particuli\u00e8rement le secteur, \u00e0 la diff\u00e9rence d\u2019une s\u00e9rie de cercles b\u00e9n\u00e9ficiaires de la reprise d\u2019activit\u00e9s, \u00e9tant donn\u00e9 la d\u00e9g\u00e9n\u00e9rescence pand\u00e9mique, en ces temps-ci\u00a0!\u00a0\u00bb. D\u00e9j\u00e0 en crise, la culture et l\u2019art, sous leurs diverses formes, semblent \u00eatre les plus \u00abcibl\u00e9s\u00bb dans cet \u00e9lan de pr\u00e9occupation, annonc\u00e9 par le gouvernement, surtout que le spectre du variant Omicron se profile d\u00e9j\u00e0 \u00e0 l\u2019horizon. Fortement affect\u00e9s par la constance de la fermeture des lieux d\u2019expression de leur produit cr\u00e9atif, les op\u00e9rateurs des m\u00e9tiers de l\u2019art et la culture, se plaignent de plus belle de l\u2019aggravation des mesures pr\u00e9ventives qu\u2019ils qualifient d\u2019abusives et attentatoires \u00e0 leurs gagne-pains. Le calvaire prolong\u00e9 dont ils ne cessent d\u2019\u00eatre victimes, depuis presque deux ann\u00e9es cons\u00e9cutives, met en p\u00e9ril leur vie et celle de leur famille. Parfois m\u00eame, ils sont contraints de tomber dans la vente forc\u00e9e de leurs biens ou encore de se d\u00e9pouiller de la d\u00e9cence pour se retrouver dans une sorte de \u00ab\u00a0mendicit\u00e9\u00a0\u00bb accablante. La r\u00e9action de leur syndicat ne se fait attendre, puisqu\u2019il se fait \u00e9nergiquement entendre, \u00e0 travers les propos de refus fermes de ces d\u00e9cisions subites qui s\u2019abattent comme une douche froide sur le secteur au moment o\u00f9 tout le monde s\u2019attend \u00e0 plus d\u2019int\u00e9r\u00eat et de sollicitude \u00e0 leur \u00e9tat en perp\u00e9tuelle d\u00e9gradation. \u00abOn ne comprendra jamais cette restriction d\u00e9mesur\u00e9e qui ne fait que s\u2019acharner sur nos professions, alors que d\u2019autres aires au quotidien sont \u00e9pargn\u00e9es, quoiqu\u2019ils soient passibles de contamination par le virus\u00a0!\u00bb, clament-ils, tout en r\u00e9clamant le retrait de ces mesures draconiennes. Ceci \u00e9tant, on peut toujours renforcer le respect du dispositif de protection anti-Covid, entre autres, la r\u00e9duction du public, la distanciation et le port des masques pendant le spectacle en salle. \u00ab\u00a0Ce ne serait gu\u00e8re aussi dangereux que dans les march\u00e9s ou les d\u00e9placements en commun o\u00f9 les affluences sont massives\u00a0!\u00a0\u00bb, r\u00e9torquent les professionnels d\u2019art et culture \u00e0 cette disparit\u00e9 flagrante. En attendant de renoncer \u00e0 cette d\u00e9cision d\u00e9mesur\u00e9e, l\u2019Etat se devrait de se pencher s\u00e9rieusement sur cette cat\u00e9gorie sociale qui endure le martyr en ces moments cruciaux de la crise virale et ce, en \u00a0injectant des indemnit\u00e9s aux divers impact\u00e9s par les effets \u00e9pid\u00e9miologiques. En fait, par ce comportement s\u00e9gr\u00e9gatif, on n\u2019est nullement \u00e9tonn\u00e9, vu que l\u2019espace culturel et artistique avait \u00e9t\u00e9, de tout temps consid\u00e9r\u00e9 comme le dernier des soucis de la part des centres d\u00e9cisionnels du pays. La preuve en est, au fait, l\u2019exigu\u00eft\u00e9 du budget sectoriel lui \u00e9tant allou\u00e9e, alors que dans d\u2019autres nations, on n\u2019h\u00e9site pas \u00e0 y mettre le paquet, en \u00e9tant conscient de son r\u00f4le et sa n\u00e9cessit\u00e9 fondateurs dans l\u2019\u00e9panouissement et dans la construction de l\u2019\u00e9l\u00e9ment humain\u00a0!<\/strong><\/p>\n<p>L\u2019article <a rel=\"nofollow\" href=\"http:\/\/albayane.press.ma\/grogne-des-operateurs-de-lart-et-culture.html\">Grogne des op\u00e9rateurs de l\u2019art et culture !<\/a> est apparu en premier sur <a rel=\"nofollow\" href=\"http:\/\/albayane.press.ma\/\">ALBAYANE<\/a>.<\/p>\n<\/div>\n<p>Auteur: M&rsquo;hammed rahal<br \/>\n<a href=\"http:\/\/albayane.press.ma\/grogne-des-operateurs-de-lart-et-culture.html\">Cliquez ici pour lire l&rsquo;article depuis sa source.<\/a><\/p>\n","protected":false},"excerpt":{"rendered":"<p>Quelques temps apr\u00e8s la prise de d\u00e9cision jug\u00e9e h\u00e2tive et compromettante, relative \u00e0 l\u2019interdiction des manifestations culturelles et artistiques, les professionnels de ce domaine montent au cr\u00e9neau. Ils estiment que cet acte est insens\u00e9 compte tenu de la gravit\u00e9 de ses retomb\u00e9es sur leur situation critique. \u00ab\u00a0C\u2019est du pur arbitraire qui vise particuli\u00e8rement le secteur, [&hellip;]<\/p>\n","protected":false},"author":1760,"featured_media":0,"comment_status":"closed","ping_status":"closed","sticky":false,"template":"","format":"standard","meta":{"fifu_image_url":"","fifu_image_alt":"","footnotes":""},"categories":[73,54],"tags":[],"class_list":["post-136402","post","type-post","status-publish","format-standard","hentry","category-actualite","category-maroc"],"_links":{"self":[{"href":"https:\/\/linitiative.ca\/International\/wp-json\/wp\/v2\/posts\/136402","targetHints":{"allow":["GET"]}}],"collection":[{"href":"https:\/\/linitiative.ca\/International\/wp-json\/wp\/v2\/posts"}],"about":[{"href":"https:\/\/linitiative.ca\/International\/wp-json\/wp\/v2\/types\/post"}],"author":[{"embeddable":true,"href":"https:\/\/linitiative.ca\/International\/wp-json\/wp\/v2\/users\/1760"}],"replies":[{"embeddable":true,"href":"https:\/\/linitiative.ca\/International\/wp-json\/wp\/v2\/comments?post=136402"}],"version-history":[{"count":0,"href":"https:\/\/linitiative.ca\/International\/wp-json\/wp\/v2\/posts\/136402\/revisions"}],"wp:attachment":[{"href":"https:\/\/linitiative.ca\/International\/wp-json\/wp\/v2\/media?parent=136402"}],"wp:term":[{"taxonomy":"category","embeddable":true,"href":"https:\/\/linitiative.ca\/International\/wp-json\/wp\/v2\/categories?post=136402"},{"taxonomy":"post_tag","embeddable":true,"href":"https:\/\/linitiative.ca\/International\/wp-json\/wp\/v2\/tags?post=136402"}],"curies":[{"name":"wp","href":"https:\/\/api.w.org\/{rel}","templated":true}]}}