{"id":136403,"date":"2021-12-20T13:00:00","date_gmt":"2021-12-20T18:00:00","guid":{"rendered":"https:\/\/linitiative.ca\/International\/lancement-dune-mission-de-prefiguration-de-dar-tarikh-al-maghrib\/"},"modified":"2021-12-20T13:00:00","modified_gmt":"2021-12-20T18:00:00","slug":"lancement-dune-mission-de-prefiguration-de-dar-tarikh-al-maghrib","status":"publish","type":"post","link":"https:\/\/linitiative.ca\/International\/lancement-dune-mission-de-prefiguration-de-dar-tarikh-al-maghrib\/","title":{"rendered":"Lancement d\u2019une mission de pr\u00e9figuration de \u00ab\u00a0Dar Tarikh al Maghrib\u00a0\u00bb"},"content":{"rendered":"<div>\n<p class=\"has-text-align-center has-vivid-red-color has-text-color\"><strong>Une initiative de la Fondation de l\u2019Acad\u00e9mie du Royaume et l\u2019Institut Royal pour la Recherche en Histoire<\/strong><\/p>\n<p class=\"has-black-color has-text-color\"><strong>La Fondation de l\u2019Acad\u00e9mie du Royaume du Maroc et l\u2019Institut Royal pour la Recherche en Histoire du Maroc ont d\u00e9cid\u00e9 de mettre en place une mission de pr\u00e9figuration de la Maison d\u2019histoire du Maroc (Dar Tarikh al Maghrib).\u00a0 \u00ab\u00a0Suite \u00e0 la publication de l\u2019ouvrage intitul\u00e9 +Pour une maison de l\u2019histoire du Maroc+, et l\u2019\u00e9cho qu\u2019il a suscit\u00e9 et qui confirme la forte demande sociale d\u2019histoire, la Fondation de l\u2019Acad\u00e9mie du Royaume du Maroc et l\u2019Institut Royal pour la Recherche en Histoire du Maroc ont d\u00e9cid\u00e9 de publier une \u00e9dition de poche de ce live et de mettre en place une mission de pr\u00e9figuration de la Maison d\u2019histoire du Maroc\u00a0\u00bb, indique un communiqu\u00e9 de la Fondation de l\u2019Acad\u00e9mie du Royaume du Maroc pour la coop\u00e9ration culturelle.\u00a0 L\u2019\u00e9dition de poche de l\u2019ouvrage qui reprend l\u2019int\u00e9gralit\u00e9 des contributions et des illustrations de la version originale est ainsi d\u00e9sormais disponible en librairie, ajoute la Fondation, relevant que la mission de pr\u00e9figuration, confi\u00e9e \u00e0 MM. Mohamed Kenbib, directeur de l\u2019Institut Royal pour la Recherche en Histoire du Maroc et Driss El Yazami, est charg\u00e9e de r\u00e9diger un rapport devant d\u00e9terminer, avec autant de pr\u00e9cision que possible, les contours de ce projet, ses composantes, les modalit\u00e9s et les \u00e9tapes de sa r\u00e9alisation. Il s\u2019agira notamment de cerner les principales activit\u00e9s de cette nouvelle institution, d\u2019expliciter le r\u00e9cit historique que devra pr\u00e9senter la premi\u00e8re manifestation, de tracer les grandes lignes de la programmation de ses activit\u00e9s, d\u2019identifier les partenariats publics et priv\u00e9s nationaux et internationaux, n\u00e9cessaires pour la cr\u00e9ation puis le fonctionnement de la Maison de l\u2019histoire du Maroc, d\u2019\u00e9tudier les implantations possibles, poursuit la m\u00eame source. La mission veillera \u00e0 adopter une d\u00e9marche inclusive en proc\u00e9dant aux consultations les plus \u00e9tendues des diverses parties prenantes : historiens et autres chercheurs en sciences humaines et sociales, experts et institutions du patrimoine, archives publiques et fonds d\u2019archives priv\u00e9es, p\u00e9dagogues, didacticiens, architectes, sp\u00e9cialistes des sciences de l\u2019information et des nouvelles technologies d\u2019information et de communication (NTIC), note la Fondation. \u00ab\u00a0La mission pourra organiser des r\u00e9unions d\u2019\u00e9changes de points de vue et de collecte de propositions cibl\u00e9es sur telle ou telle partie de son programme de travail en vue de cr\u00e9er les institutions n\u00e9cessaires pour l\u2019\u00e9dification de Dar Tarikh al Maghriba\u00a0\u00bb, conclut le communiqu\u00e9.<\/strong><\/p>\n<p>L\u2019article <a rel=\"nofollow\" href=\"http:\/\/albayane.press.ma\/lancement-dune-mission-de-prefiguration-de-dar-tarikh-al-maghrib.html\">Lancement d\u2019une mission de pr\u00e9figuration de \u00ab\u00a0Dar Tarikh al Maghrib\u00a0\u00bb<\/a> est apparu en premier sur <a rel=\"nofollow\" href=\"http:\/\/albayane.press.ma\/\">ALBAYANE<\/a>.<\/p>\n<\/div>\n<p>Auteur: M&rsquo;hammed rahal<br \/>\n<a href=\"http:\/\/albayane.press.ma\/lancement-dune-mission-de-prefiguration-de-dar-tarikh-al-maghrib.html\">Cliquez ici pour lire l&rsquo;article depuis sa source.<\/a><\/p>\n","protected":false},"excerpt":{"rendered":"<p>Une initiative de la Fondation de l\u2019Acad\u00e9mie du Royaume et l\u2019Institut Royal pour la Recherche en Histoire La Fondation de l\u2019Acad\u00e9mie du Royaume du Maroc et l\u2019Institut Royal pour la Recherche en Histoire du Maroc ont d\u00e9cid\u00e9 de mettre en place une mission de pr\u00e9figuration de la Maison d\u2019histoire du Maroc (Dar Tarikh al Maghrib).\u00a0 [&hellip;]<\/p>\n","protected":false},"author":1760,"featured_media":0,"comment_status":"closed","ping_status":"closed","sticky":false,"template":"","format":"standard","meta":{"fifu_image_url":"","fifu_image_alt":"","footnotes":""},"categories":[73,54],"tags":[],"class_list":["post-136403","post","type-post","status-publish","format-standard","hentry","category-actualite","category-maroc"],"_links":{"self":[{"href":"https:\/\/linitiative.ca\/International\/wp-json\/wp\/v2\/posts\/136403","targetHints":{"allow":["GET"]}}],"collection":[{"href":"https:\/\/linitiative.ca\/International\/wp-json\/wp\/v2\/posts"}],"about":[{"href":"https:\/\/linitiative.ca\/International\/wp-json\/wp\/v2\/types\/post"}],"author":[{"embeddable":true,"href":"https:\/\/linitiative.ca\/International\/wp-json\/wp\/v2\/users\/1760"}],"replies":[{"embeddable":true,"href":"https:\/\/linitiative.ca\/International\/wp-json\/wp\/v2\/comments?post=136403"}],"version-history":[{"count":0,"href":"https:\/\/linitiative.ca\/International\/wp-json\/wp\/v2\/posts\/136403\/revisions"}],"wp:attachment":[{"href":"https:\/\/linitiative.ca\/International\/wp-json\/wp\/v2\/media?parent=136403"}],"wp:term":[{"taxonomy":"category","embeddable":true,"href":"https:\/\/linitiative.ca\/International\/wp-json\/wp\/v2\/categories?post=136403"},{"taxonomy":"post_tag","embeddable":true,"href":"https:\/\/linitiative.ca\/International\/wp-json\/wp\/v2\/tags?post=136403"}],"curies":[{"name":"wp","href":"https:\/\/api.w.org\/{rel}","templated":true}]}}