{"id":136421,"date":"2021-12-21T13:38:12","date_gmt":"2021-12-21T18:38:12","guid":{"rendered":"https:\/\/linitiative.ca\/International\/variant-omicron-28-cas-confirmes-et-46-suspects\/"},"modified":"2021-12-21T13:38:12","modified_gmt":"2021-12-21T18:38:12","slug":"variant-omicron-28-cas-confirmes-et-46-suspects","status":"publish","type":"post","link":"https:\/\/linitiative.ca\/International\/variant-omicron-28-cas-confirmes-et-46-suspects\/","title":{"rendered":"Variant Omicron: 28 cas confirm\u00e9s et 46 suspects"},"content":{"rendered":"<div>\n<div class=\"field field-name-body field-type-text-with-summary field-label-hidden\">\n<div class=\"field-items\">\n<div class=\"field-item even\" property=\"content:encoded\">\n<p class=\"rtejustify\">Le minist\u00e8re de la Sant\u00e9 et de la protection sociale a annonc\u00e9, mardi, la d\u00e9tection de 27 nouveaux cas confirm\u00e9s du variant Omicron du coronavirus, portant \u00e0 28 le nombre des cas confirm\u00e9s.<\/p>\n<\/div>\n<\/div>\n<\/div>\n<\/div>\n<p>Auteur: mbasraoui<br \/>\n<a href=\"https:\/\/www.leconomiste.com\/flash-infos\/variant-omicron-28-cas-confirmes-et-46-suspects\">Cliquez ici pour lire l&rsquo;article depuis sa source.<\/a><\/p>\n","protected":false},"excerpt":{"rendered":"<p>Le minist\u00e8re de la Sant\u00e9 et de la protection sociale a annonc\u00e9, mardi, la d\u00e9tection de 27 nouveaux cas confirm\u00e9s du variant Omicron du coronavirus, portant \u00e0 28 le nombre des cas confirm\u00e9s. Auteur: mbasraoui Cliquez ici pour lire l&rsquo;article depuis sa source.<\/p>\n","protected":false},"author":1763,"featured_media":0,"comment_status":"closed","ping_status":"closed","sticky":false,"template":"","format":"standard","meta":{"fifu_image_url":"","fifu_image_alt":"","footnotes":""},"categories":[78,54],"tags":[],"class_list":["post-136421","post","type-post","status-publish","format-standard","hentry","category-economie","category-maroc"],"_links":{"self":[{"href":"https:\/\/linitiative.ca\/International\/wp-json\/wp\/v2\/posts\/136421","targetHints":{"allow":["GET"]}}],"collection":[{"href":"https:\/\/linitiative.ca\/International\/wp-json\/wp\/v2\/posts"}],"about":[{"href":"https:\/\/linitiative.ca\/International\/wp-json\/wp\/v2\/types\/post"}],"author":[{"embeddable":true,"href":"https:\/\/linitiative.ca\/International\/wp-json\/wp\/v2\/users\/1763"}],"replies":[{"embeddable":true,"href":"https:\/\/linitiative.ca\/International\/wp-json\/wp\/v2\/comments?post=136421"}],"version-history":[{"count":0,"href":"https:\/\/linitiative.ca\/International\/wp-json\/wp\/v2\/posts\/136421\/revisions"}],"wp:attachment":[{"href":"https:\/\/linitiative.ca\/International\/wp-json\/wp\/v2\/media?parent=136421"}],"wp:term":[{"taxonomy":"category","embeddable":true,"href":"https:\/\/linitiative.ca\/International\/wp-json\/wp\/v2\/categories?post=136421"},{"taxonomy":"post_tag","embeddable":true,"href":"https:\/\/linitiative.ca\/International\/wp-json\/wp\/v2\/tags?post=136421"}],"curies":[{"name":"wp","href":"https:\/\/api.w.org\/{rel}","templated":true}]}}