{"id":136443,"date":"2021-12-21T10:50:00","date_gmt":"2021-12-21T15:50:00","guid":{"rendered":"https:\/\/linitiative.ca\/International\/nouvelle-performance-de-hafnaoui-il-est-vice-champion-du-monde-du-1500-nl\/"},"modified":"2021-12-21T10:50:00","modified_gmt":"2021-12-21T15:50:00","slug":"nouvelle-performance-de-hafnaoui-il-est-vice-champion-du-monde-du-1500-nl","status":"publish","type":"post","link":"https:\/\/linitiative.ca\/International\/nouvelle-performance-de-hafnaoui-il-est-vice-champion-du-monde-du-1500-nl\/","title":{"rendered":"Nouvelle performance de Hafnaoui : il est vice-champion du monde du 1500 NL"},"content":{"rendered":"<div><img decoding=\"async\" src=\"https:\/\/linitiative.ca\/International\/wp-content\/uploads\/sites\/23\/2021\/12\/1640102340_article.jpg\" alt=\"Nouvelle performance de Hafnaoui : il est vice-champion du monde du 1500 NL \" align=\"left\">Un nouvel exploit de notre champion olympique de 400 m\u00e8tres nage libre Ahmed\u00a0 Hafnaoui.Il vient de d\u00e9crocher le titre de vice-champion du monde du 1500 m nage libre qui se d\u00e9roule \u00e0 Abou Dhabi\u00a0 Il a \u00e9t\u00e9 class\u00e9 2e derri\u00e8re l&rsquo;Allemand Wellbrock qui a battu le record du monde de cette discipline en 14:06.88, contre14:10.84 pour le Tunisien.<br \/>\nUne excellente performance\u00a0 de notre\u00a0 nageur prodige qui n&rsquo;a que18 ans.<br \/>\n\u00a0<\/p>\n<\/div>\n<p>Auteur:<br \/>\n<a href=\"https:\/\/www.leaders.com.tn\/article\/32790-nouvelle-performance-de-hafnaoui-il-est-vice-champion-du-monde-du-1500-nl\">Cliquez ici pour lire l&rsquo;article depuis sa source.<\/a><\/p>\n","protected":false},"excerpt":{"rendered":"<p>Un nouvel exploit de notre champion olympique de 400 m\u00e8tres nage libre Ahmed\u00a0 Hafnaoui.Il vient de d\u00e9crocher le titre de vice-champion du monde du 1500 m nage libre qui se d\u00e9roule \u00e0 Abou Dhabi\u00a0 Il a \u00e9t\u00e9 class\u00e9 2e derri\u00e8re l&rsquo;Allemand Wellbrock qui a battu le record du monde de cette discipline en 14:06.88, contre14:10.84 [&hellip;]<\/p>\n","protected":false},"author":1772,"featured_media":0,"comment_status":"closed","ping_status":"closed","sticky":false,"template":"","format":"standard","meta":{"fifu_image_url":"http:\/\/www.leaders.com.tn\/uploads\/content\/thumbnails_small\/1640102340_article.jpg","fifu_image_alt":"Nouvelle performance de Hafnaoui : il est vice-champion du monde du 1500 NL","footnotes":""},"categories":[73,55],"tags":[],"class_list":["post-136443","post","type-post","status-publish","format-standard","hentry","category-actualite","category-tunisie"],"_links":{"self":[{"href":"https:\/\/linitiative.ca\/International\/wp-json\/wp\/v2\/posts\/136443","targetHints":{"allow":["GET"]}}],"collection":[{"href":"https:\/\/linitiative.ca\/International\/wp-json\/wp\/v2\/posts"}],"about":[{"href":"https:\/\/linitiative.ca\/International\/wp-json\/wp\/v2\/types\/post"}],"author":[{"embeddable":true,"href":"https:\/\/linitiative.ca\/International\/wp-json\/wp\/v2\/users\/1772"}],"replies":[{"embeddable":true,"href":"https:\/\/linitiative.ca\/International\/wp-json\/wp\/v2\/comments?post=136443"}],"version-history":[{"count":0,"href":"https:\/\/linitiative.ca\/International\/wp-json\/wp\/v2\/posts\/136443\/revisions"}],"wp:attachment":[{"href":"https:\/\/linitiative.ca\/International\/wp-json\/wp\/v2\/media?parent=136443"}],"wp:term":[{"taxonomy":"category","embeddable":true,"href":"https:\/\/linitiative.ca\/International\/wp-json\/wp\/v2\/categories?post=136443"},{"taxonomy":"post_tag","embeddable":true,"href":"https:\/\/linitiative.ca\/International\/wp-json\/wp\/v2\/tags?post=136443"}],"curies":[{"name":"wp","href":"https:\/\/api.w.org\/{rel}","templated":true}]}}