{"id":136456,"date":"2021-12-21T16:30:40","date_gmt":"2021-12-21T21:30:40","guid":{"rendered":"https:\/\/linitiative.ca\/International\/tunisie-bouden-sentretient-avec-la-presidente-de-la-banque-europeenne-pour-la-reconstruction-et-le-developpement\/"},"modified":"2021-12-21T16:30:40","modified_gmt":"2021-12-21T21:30:40","slug":"tunisie-bouden-sentretient-avec-la-presidente-de-la-banque-europeenne-pour-la-reconstruction-et-le-developpement","status":"publish","type":"post","link":"https:\/\/linitiative.ca\/International\/tunisie-bouden-sentretient-avec-la-presidente-de-la-banque-europeenne-pour-la-reconstruction-et-le-developpement\/","title":{"rendered":"Tunisie : Bouden s\u2019entretient avec la pr\u00e9sidente de la Banque Europ\u00e9enne pour la Reconstruction et le D\u00e9veloppement"},"content":{"rendered":"<div>\n<p>Poursuivant les s\u00e9ances de consultation du gouvernement avec les institutions donatrices internationales, la Cheffe du gouvernement, Mme. Najla Bouden s\u2019est entretenue aujourd\u2019hui, mardi 21 d\u00e9cembre 2021, \u00e0 distance, avec la pr\u00e9sidente de la Banque Europ\u00e9enne pour la Reconstruction et le d\u00e9veloppement-BERD, Mme. Odile Renaud-Basso. La r\u00e9union s\u2019est d\u00e9roul\u00e9e en pr\u00e9sence de la ministre des Finances, [\u2026]<\/p>\n<p>L\u2019article <a href=\"https:\/\/www.tunisienumerique.com\/tunisie-bouden-sentretient-avec-la-presidente-de-la-banque-europeenne-pour-la-reconstruction-et-le-developpement\/\">Tunisie : Bouden s\u2019entretient avec la pr\u00e9sidente de la Banque Europ\u00e9enne pour la Reconstruction et le D\u00e9veloppement<\/a> est apparu en premier sur <a href=\"https:\/\/www.tunisienumerique.com\/\">Tunisie<\/a>.<\/p>\n<\/div>\n<p>Auteur: rania ben slimane<br \/>\n<a href=\"https:\/\/www.tunisienumerique.com\/tunisie-bouden-sentretient-avec-la-presidente-de-la-banque-europeenne-pour-la-reconstruction-et-le-developpement\/\">Cliquez ici pour lire l&rsquo;article depuis sa source.<\/a><\/p>\n","protected":false},"excerpt":{"rendered":"<p>Poursuivant les s\u00e9ances de consultation du gouvernement avec les institutions donatrices internationales, la Cheffe du gouvernement, Mme. Najla Bouden s\u2019est entretenue aujourd\u2019hui, mardi 21 d\u00e9cembre 2021, \u00e0 distance, avec la pr\u00e9sidente de la Banque Europ\u00e9enne pour la Reconstruction et le d\u00e9veloppement-BERD, Mme. Odile Renaud-Basso. La r\u00e9union s\u2019est d\u00e9roul\u00e9e en pr\u00e9sence de la ministre des Finances, [&hellip;]<\/p>\n","protected":false},"author":1789,"featured_media":0,"comment_status":"closed","ping_status":"closed","sticky":false,"template":"","format":"standard","meta":{"fifu_image_url":"","fifu_image_alt":"","footnotes":""},"categories":[73,55],"tags":[],"class_list":["post-136456","post","type-post","status-publish","format-standard","hentry","category-actualite","category-tunisie"],"_links":{"self":[{"href":"https:\/\/linitiative.ca\/International\/wp-json\/wp\/v2\/posts\/136456","targetHints":{"allow":["GET"]}}],"collection":[{"href":"https:\/\/linitiative.ca\/International\/wp-json\/wp\/v2\/posts"}],"about":[{"href":"https:\/\/linitiative.ca\/International\/wp-json\/wp\/v2\/types\/post"}],"author":[{"embeddable":true,"href":"https:\/\/linitiative.ca\/International\/wp-json\/wp\/v2\/users\/1789"}],"replies":[{"embeddable":true,"href":"https:\/\/linitiative.ca\/International\/wp-json\/wp\/v2\/comments?post=136456"}],"version-history":[{"count":0,"href":"https:\/\/linitiative.ca\/International\/wp-json\/wp\/v2\/posts\/136456\/revisions"}],"wp:attachment":[{"href":"https:\/\/linitiative.ca\/International\/wp-json\/wp\/v2\/media?parent=136456"}],"wp:term":[{"taxonomy":"category","embeddable":true,"href":"https:\/\/linitiative.ca\/International\/wp-json\/wp\/v2\/categories?post=136456"},{"taxonomy":"post_tag","embeddable":true,"href":"https:\/\/linitiative.ca\/International\/wp-json\/wp\/v2\/tags?post=136456"}],"curies":[{"name":"wp","href":"https:\/\/api.w.org\/{rel}","templated":true}]}}