{"id":136458,"date":"2021-12-21T16:54:25","date_gmt":"2021-12-21T21:54:25","guid":{"rendered":"https:\/\/linitiative.ca\/International\/tunisie-la-gestion-par-labsurde-de-la-crise-des-oeufs-et-du-secteur-avicole\/"},"modified":"2021-12-21T16:54:25","modified_gmt":"2021-12-21T21:54:25","slug":"tunisie-la-gestion-par-labsurde-de-la-crise-des-oeufs-et-du-secteur-avicole","status":"publish","type":"post","link":"https:\/\/linitiative.ca\/International\/tunisie-la-gestion-par-labsurde-de-la-crise-des-oeufs-et-du-secteur-avicole\/","title":{"rendered":"Tunisie\u00a0: La gestion par l\u2019absurde de la crise des \u0153ufs et du secteur avicole\u00a0!"},"content":{"rendered":"<div>\n<p>Les producteurs d\u2019\u0153ufs n\u2019en peuvent, apparemment, plus. Ils seraient en train de vendre leur production \u00e0 perte. La faute serait, selon eux, \u00e0 la majoration monstrueuse des co\u00fbts de production. Ainsi, les prix de vente des \u0153ufs impos\u00e9s par le gouvernement ne couvrent plus les frais occasionn\u00e9s par l\u2019achat de l\u2019alimentation des poules pondeuses et [\u2026]<\/p>\n<p>L\u2019article <a href=\"https:\/\/www.tunisienumerique.com\/tunisie-la-gestion-par-labsurde-de-la-crise-des-oeufs-et-du-secteur-avicole\/\">Tunisie\u00a0: La gestion par l\u2019absurde de la crise des \u0153ufs et du secteur avicole\u00a0!<\/a> est apparu en premier sur <a href=\"https:\/\/www.tunisienumerique.com\/\">Tunisie<\/a>.<\/p>\n<\/div>\n<p>Auteur: Saber .<br \/>\n<a href=\"https:\/\/www.tunisienumerique.com\/tunisie-la-gestion-par-labsurde-de-la-crise-des-oeufs-et-du-secteur-avicole\/\">Cliquez ici pour lire l&rsquo;article depuis sa source.<\/a><\/p>\n","protected":false},"excerpt":{"rendered":"<p>Les producteurs d\u2019\u0153ufs n\u2019en peuvent, apparemment, plus. Ils seraient en train de vendre leur production \u00e0 perte. La faute serait, selon eux, \u00e0 la majoration monstrueuse des co\u00fbts de production. Ainsi, les prix de vente des \u0153ufs impos\u00e9s par le gouvernement ne couvrent plus les frais occasionn\u00e9s par l\u2019achat de l\u2019alimentation des poules pondeuses et [&hellip;]<\/p>\n","protected":false},"author":1789,"featured_media":0,"comment_status":"closed","ping_status":"closed","sticky":false,"template":"","format":"standard","meta":{"fifu_image_url":"","fifu_image_alt":"","footnotes":""},"categories":[73,55],"tags":[],"class_list":["post-136458","post","type-post","status-publish","format-standard","hentry","category-actualite","category-tunisie"],"_links":{"self":[{"href":"https:\/\/linitiative.ca\/International\/wp-json\/wp\/v2\/posts\/136458","targetHints":{"allow":["GET"]}}],"collection":[{"href":"https:\/\/linitiative.ca\/International\/wp-json\/wp\/v2\/posts"}],"about":[{"href":"https:\/\/linitiative.ca\/International\/wp-json\/wp\/v2\/types\/post"}],"author":[{"embeddable":true,"href":"https:\/\/linitiative.ca\/International\/wp-json\/wp\/v2\/users\/1789"}],"replies":[{"embeddable":true,"href":"https:\/\/linitiative.ca\/International\/wp-json\/wp\/v2\/comments?post=136458"}],"version-history":[{"count":0,"href":"https:\/\/linitiative.ca\/International\/wp-json\/wp\/v2\/posts\/136458\/revisions"}],"wp:attachment":[{"href":"https:\/\/linitiative.ca\/International\/wp-json\/wp\/v2\/media?parent=136458"}],"wp:term":[{"taxonomy":"category","embeddable":true,"href":"https:\/\/linitiative.ca\/International\/wp-json\/wp\/v2\/categories?post=136458"},{"taxonomy":"post_tag","embeddable":true,"href":"https:\/\/linitiative.ca\/International\/wp-json\/wp\/v2\/tags?post=136458"}],"curies":[{"name":"wp","href":"https:\/\/api.w.org\/{rel}","templated":true}]}}