{"id":136460,"date":"2021-12-21T15:22:01","date_gmt":"2021-12-21T20:22:01","guid":{"rendered":"https:\/\/linitiative.ca\/International\/maintien-de-la-can-2021-au-cameroun\/"},"modified":"2021-12-21T15:22:01","modified_gmt":"2021-12-21T20:22:01","slug":"maintien-de-la-can-2021-au-cameroun","status":"publish","type":"post","link":"https:\/\/linitiative.ca\/International\/maintien-de-la-can-2021-au-cameroun\/","title":{"rendered":"MAINTIEN DE LA CAN 2021 AU CAMEROUN  \u00a0"},"content":{"rendered":"<div>\n<p><img decoding=\"async\" width=\"1000\" height=\"750\" src=\"https:\/\/linitiative.ca\/International\/wp-content\/uploads\/sites\/23\/2021\/12\/CAF.jpg\" class=\"attachment- size- wp-post-image\" alt=\"\" loading=\"lazy\" style=\"float:left; margin:0 15px 15px 0;\" srcset=\"https:\/\/linitiative.ca\/International\/wp-content\/uploads\/sites\/23\/2021\/12\/CAF.jpg 1000w, https:\/\/lepays.bf\/wp-content\/uploads\/2021\/12\/CAF-300x225.jpg 300w, https:\/\/lepays.bf\/wp-content\/uploads\/2021\/12\/CAF-768x576.jpg 768w\" sizes=\"auto, (max-width: 1000px) 100vw, 1000px\">Pas de report, pas d\u2019annulation. Ouf\u00a0! La date du 9 janvier prochain, retenue pour l\u2019ouverture de la 33\u00e8me \u00e9dition de la Coupe d\u2019Afrique des nations (CAN), sera bel et bien respect\u00e9e. C\u2019est la substance de la rencontre d\u2019hier, 21 d\u00e9cembre 2021, entre le pr\u00e9sident de la Conf\u00e9d\u00e9ration africaine de football (CAF), le Sud-africain Patrice Motsepe, \u2026<\/p>\n<p>L\u2019article <a rel=\"nofollow\" href=\"https:\/\/lepays.bf\/maintien-de-la-can-2021-au-cameroun\/\">MAINTIEN DE LA CAN 2021 AU CAMEROUN  \u00a0<\/a> est apparu en premier sur <a rel=\"nofollow\" href=\"https:\/\/lepays.bf\/\">Editions Le Pays<\/a>.<\/p>\n<\/div>\n<p>Auteur: Editions LEPAYS<br \/>\n<a href=\"https:\/\/lepays.bf\/maintien-de-la-can-2021-au-cameroun\/\">Cliquez ici pour lire l&rsquo;article depuis sa source.<\/a><\/p>\n","protected":false},"excerpt":{"rendered":"<p>Pas de report, pas d\u2019annulation. Ouf\u00a0! La date du 9 janvier prochain, retenue pour l\u2019ouverture de la 33\u00e8me \u00e9dition de la Coupe d\u2019Afrique des nations (CAN), sera bel et bien respect\u00e9e. C\u2019est la substance de la rencontre d\u2019hier, 21 d\u00e9cembre 2021, entre le pr\u00e9sident de la Conf\u00e9d\u00e9ration africaine de football (CAF), le Sud-africain Patrice Motsepe, [&hellip;]<\/p>\n","protected":false},"author":1813,"featured_media":0,"comment_status":"closed","ping_status":"closed","sticky":false,"template":"","format":"standard","meta":{"fifu_image_url":"https:\/\/lepays.bf\/wp-content\/uploads\/2021\/12\/CAF.jpg","fifu_image_alt":"MAINTIEN DE LA CAN 2021 AU CAMEROUN  \u00a0","footnotes":""},"categories":[73,81],"tags":[],"class_list":["post-136460","post","type-post","status-publish","format-standard","hentry","category-actualite","category-burkina-faso"],"_links":{"self":[{"href":"https:\/\/linitiative.ca\/International\/wp-json\/wp\/v2\/posts\/136460","targetHints":{"allow":["GET"]}}],"collection":[{"href":"https:\/\/linitiative.ca\/International\/wp-json\/wp\/v2\/posts"}],"about":[{"href":"https:\/\/linitiative.ca\/International\/wp-json\/wp\/v2\/types\/post"}],"author":[{"embeddable":true,"href":"https:\/\/linitiative.ca\/International\/wp-json\/wp\/v2\/users\/1813"}],"replies":[{"embeddable":true,"href":"https:\/\/linitiative.ca\/International\/wp-json\/wp\/v2\/comments?post=136460"}],"version-history":[{"count":0,"href":"https:\/\/linitiative.ca\/International\/wp-json\/wp\/v2\/posts\/136460\/revisions"}],"wp:attachment":[{"href":"https:\/\/linitiative.ca\/International\/wp-json\/wp\/v2\/media?parent=136460"}],"wp:term":[{"taxonomy":"category","embeddable":true,"href":"https:\/\/linitiative.ca\/International\/wp-json\/wp\/v2\/categories?post=136460"},{"taxonomy":"post_tag","embeddable":true,"href":"https:\/\/linitiative.ca\/International\/wp-json\/wp\/v2\/tags?post=136460"}],"curies":[{"name":"wp","href":"https:\/\/api.w.org\/{rel}","templated":true}]}}