{"id":136462,"date":"2021-12-21T15:29:54","date_gmt":"2021-12-21T20:29:54","guid":{"rendered":"https:\/\/linitiative.ca\/International\/elimination-de-soumana-boura\/"},"modified":"2021-12-21T15:29:54","modified_gmt":"2021-12-21T20:29:54","slug":"elimination-de-soumana-boura","status":"publish","type":"post","link":"https:\/\/linitiative.ca\/International\/elimination-de-soumana-boura\/","title":{"rendered":"ELIMINATION DE SOUMANA BOURA  \u00a0"},"content":{"rendered":"<div>\n<p><img decoding=\"async\" width=\"1200\" height=\"768\" src=\"https:\/\/linitiative.ca\/International\/wp-content\/uploads\/sites\/23\/2021\/12\/DJIHADISTE.jpg\" class=\"attachment- size- wp-post-image\" alt=\"\" loading=\"lazy\" style=\"float:left; margin:0 15px 15px 0;\" srcset=\"https:\/\/linitiative.ca\/International\/wp-content\/uploads\/sites\/23\/2021\/12\/DJIHADISTE.jpg 1200w, https:\/\/lepays.bf\/wp-content\/uploads\/2021\/12\/DJIHADISTE-300x192.jpg 300w, https:\/\/lepays.bf\/wp-content\/uploads\/2021\/12\/DJIHADISTE-1024x655.jpg 1024w, https:\/\/lepays.bf\/wp-content\/uploads\/2021\/12\/DJIHADISTE-768x492.jpg 768w\" sizes=\"auto, (max-width: 1200px) 100vw, 1200px\">Dans un communiqu\u00e9 rendu public le 21 d\u00e9cembre 2021, l\u2019Arm\u00e9e fran\u00e7aise annonce avoir tu\u00e9 Soumana Boura, l\u2019un des membres du commando qui avait, de sang-froid, carbonis\u00e9 en ao\u00fbt 2020, dans la r\u00e9serve de Kour\u00e9, six humanitaires fran\u00e7ais et leurs accompagnateurs nig\u00e9riens. Comme pour se d\u00e9lecter de cet acte odieux, ce d\u00e9sormais ex-membre de l\u2019Etat islamique \u2026<\/p>\n<p>L\u2019article <a rel=\"nofollow\" href=\"https:\/\/lepays.bf\/elimination-de-soumana-boura\/\">ELIMINATION DE SOUMANA BOURA  \u00a0<\/a> est apparu en premier sur <a rel=\"nofollow\" href=\"https:\/\/lepays.bf\/\">Editions Le Pays<\/a>.<\/p>\n<\/div>\n<p>Auteur: Editions LEPAYS<br \/>\n<a href=\"https:\/\/lepays.bf\/elimination-de-soumana-boura\/\">Cliquez ici pour lire l&rsquo;article depuis sa source.<\/a><\/p>\n","protected":false},"excerpt":{"rendered":"<p>Dans un communiqu\u00e9 rendu public le 21 d\u00e9cembre 2021, l\u2019Arm\u00e9e fran\u00e7aise annonce avoir tu\u00e9 Soumana Boura, l\u2019un des membres du commando qui avait, de sang-froid, carbonis\u00e9 en ao\u00fbt 2020, dans la r\u00e9serve de Kour\u00e9, six humanitaires fran\u00e7ais et leurs accompagnateurs nig\u00e9riens. Comme pour se d\u00e9lecter de cet acte odieux, ce d\u00e9sormais ex-membre de l\u2019Etat islamique [&hellip;]<\/p>\n","protected":false},"author":1813,"featured_media":0,"comment_status":"closed","ping_status":"closed","sticky":false,"template":"","format":"standard","meta":{"fifu_image_url":"https:\/\/lepays.bf\/wp-content\/uploads\/2021\/12\/DJIHADISTE.jpg","fifu_image_alt":"ELIMINATION DE SOUMANA BOURA  \u00a0","footnotes":""},"categories":[73,81],"tags":[],"class_list":["post-136462","post","type-post","status-publish","format-standard","hentry","category-actualite","category-burkina-faso"],"_links":{"self":[{"href":"https:\/\/linitiative.ca\/International\/wp-json\/wp\/v2\/posts\/136462","targetHints":{"allow":["GET"]}}],"collection":[{"href":"https:\/\/linitiative.ca\/International\/wp-json\/wp\/v2\/posts"}],"about":[{"href":"https:\/\/linitiative.ca\/International\/wp-json\/wp\/v2\/types\/post"}],"author":[{"embeddable":true,"href":"https:\/\/linitiative.ca\/International\/wp-json\/wp\/v2\/users\/1813"}],"replies":[{"embeddable":true,"href":"https:\/\/linitiative.ca\/International\/wp-json\/wp\/v2\/comments?post=136462"}],"version-history":[{"count":0,"href":"https:\/\/linitiative.ca\/International\/wp-json\/wp\/v2\/posts\/136462\/revisions"}],"wp:attachment":[{"href":"https:\/\/linitiative.ca\/International\/wp-json\/wp\/v2\/media?parent=136462"}],"wp:term":[{"taxonomy":"category","embeddable":true,"href":"https:\/\/linitiative.ca\/International\/wp-json\/wp\/v2\/categories?post=136462"},{"taxonomy":"post_tag","embeddable":true,"href":"https:\/\/linitiative.ca\/International\/wp-json\/wp\/v2\/tags?post=136462"}],"curies":[{"name":"wp","href":"https:\/\/api.w.org\/{rel}","templated":true}]}}