{"id":136464,"date":"2021-12-21T16:51:36","date_gmt":"2021-12-21T21:51:36","guid":{"rendered":"https:\/\/linitiative.ca\/International\/soudan-abdallah-amdok-piege\/"},"modified":"2021-12-21T16:51:36","modified_gmt":"2021-12-21T21:51:36","slug":"soudan-abdallah-amdok-piege","status":"publish","type":"post","link":"https:\/\/linitiative.ca\/International\/soudan-abdallah-amdok-piege\/","title":{"rendered":"Soudan : Abdallah Amdok pi\u00e9g\u00e9 ?"},"content":{"rendered":"<div>\n<p>La situation politique au Soudan est dans ce que l\u2019on pourrait appeler une impasse. Depuis la lib\u00e9ration du Premier ministre, Abdallah Amdok, le 21 novembre dernier suite \u00e0 la pression de la rue et de celle de grandes puissances, tout semble encore au point mort. Le chef du gouvernement qui avait \u00e9t\u00e9 arr\u00eat\u00e9, le 25 octobre 2021, \u00e0 la suite du coup de force du g\u00e9n\u00e9ral Abdel Fattah al-Burhan, a toutes les peines du monde pour former une nouvelle \u00e9quipe qui devrait conduire la Transition jusqu\u2019\u00e0 l\u2019organisation d\u2019\u00e9lections en 2023.<\/p>\n<p>Les incompr\u00e9hensions gravitent au sein de la classe politique qui estime que Abdallah Amdok a conclu un accord unilat\u00e9ral avec le g\u00e9n\u00e9ral al-Burhan. Cons\u00e9quence, bon nombre de leaders politiques pensent que les militaires ont litt\u00e9ralement confisqu\u00e9 leur r\u00e9volution d\u2019avril 2019 qui a permis de renverser Omar el-B\u00e9chir. Celui-ci aura pass\u00e9 au moins trois d\u00e9cennies \u00e0 la t\u00eate du pays. Le Premier ministre se trouve aujourd\u2019hui dans une situation o\u00f9 il lui est difficile de man\u0153uvrer pour remettre la Transition en marche.<\/p>\n<p>Pendant que les civils se claquemurent dans une intransigeance tenace, les grandes puissances qui avaient promis de l\u2019aide au pays afin de faire face \u00e0 la crise \u00e9conomique posent comme condition, la formation d\u2019un nouveau gouvernement. D\u2019un autre c\u00f4t\u00e9, les militaires, ayant pris go\u00fbt aux d\u00e9lices du pouvoir, exploitent savamment les \u00e9ternels malentendus de la classe politique pour soutenir que les civils seuls sont incapables de diriger le pays.<\/p>\n<p>L\u2019on se demande jusqu\u2019\u00e0 quand va se poursuivre cet \u00e9pisode assez critique pour ce pays qui croyait avoir renou\u00e9 avec un renouveau d\u00e9mocratique depuis la chute d\u2019Omar el-B\u00e9chir ? Que va rapporter l\u2019intransigeance des leaders politiques au moment o\u00f9 le g\u00e9n\u00e9ral al-Burhan a nomm\u00e9 des centaines de ses fr\u00e8res d\u2019armes dans des postes cl\u00e9s de l\u2019administration ? Tant que ce climat de suspicions et malentendus va persister au sein de la classe politique soudanaise, cela profitera aux militaires qui auront la latitude de r\u00e9occuper certains postes importants dans l\u2019administration.<\/p>\n<p>En maintenant le blocus sur la formation du gouvernement, les leaders politiques font une grosse erreur politique, celui de laisser s\u2019effriter les acquis de la r\u00e9volution populaire de 2019. Il serait judicieux pour la classe politique soudanaise de sortir de cette posture improductive pour sauver l\u2019essentiel. C\u2019est le moment ou jamais pour elle de d\u00e9passer ses contradictions internes pour mieux f\u00e9d\u00e9rer ses \u00e9nergies en vue des \u00e9ch\u00e9ances \u00e9lectorales de 2023.<\/p>\n<p>Tant qu\u2019elle va continuer \u00e0 s\u2019\u00e9triper dans des querelles de chiffonniers en accusant le Premier ministre d\u2019avoir trahi les civils, c\u2019est un boulevard qu\u2019elle va pr\u00e9parer pour la \u00ab grande muette \u00bb pour revenir aux affaires \u00e0 l\u2019issue des futures \u00e9lections. Dans les p\u00e9riodes d\u2019incertitudes, il sied d\u2019avoir la lucidit\u00e9 qui permette de prendre les d\u00e9cisions m\u00fbries pour \u00e9viter le naufrage. Une chose est certaine : cette situation de blocage ne profite \u00e0 personne dans ce Soudan meurtri depuis des lustres.<\/p>\n<p>Perdre de vue l\u2019int\u00e9r\u00eat sup\u00e9rieur de la nation qui est, dans sa situation actuelle, le retour \u00e0 la stabilit\u00e9 institutionnelle, c\u2019est courir le risque d\u2019un enlisement certain. Les Soudanais de tous les bords ont int\u00e9r\u00eat \u00e0 sortir de leur radicalisme st\u00e9rile pour se parler en fr\u00e8res et s\u0153urs afin de panser v\u00e9ritablement les plaies de leur cher pays.<\/p>\n<p style=\"text-align: right\"><strong>Karim BADOLO <\/strong><\/p>\n<p>L\u2019article <a rel=\"nofollow\" href=\"https:\/\/www.sidwaya.info\/blog\/2021\/12\/21\/soudan-abdallah-amdok-piege\/\">Soudan : Abdallah Amdok pi\u00e9g\u00e9 ?<\/a> est apparu en premier sur <a rel=\"nofollow\" href=\"https:\/\/www.sidwaya.info\/\">Quotidien Sidwaya<\/a>.<\/p>\n<\/div>\n<p>Auteur: JK. Sidwaya<br \/>\n<a href=\"https:\/\/www.sidwaya.info\/blog\/2021\/12\/21\/soudan-abdallah-amdok-piege\/\">Cliquez ici pour lire l&rsquo;article depuis sa source.<\/a><\/p>\n","protected":false},"excerpt":{"rendered":"<p>La situation politique au Soudan est dans ce que l\u2019on pourrait appeler une impasse. Depuis la lib\u00e9ration du Premier ministre, Abdallah Amdok, le 21 novembre dernier suite \u00e0 la pression de la rue et de celle de grandes puissances, tout semble encore au point mort. Le chef du gouvernement qui avait \u00e9t\u00e9 arr\u00eat\u00e9, le 25 [&hellip;]<\/p>\n","protected":false},"author":1816,"featured_media":0,"comment_status":"closed","ping_status":"closed","sticky":false,"template":"","format":"standard","meta":{"fifu_image_url":"","fifu_image_alt":"","footnotes":""},"categories":[73,81],"tags":[],"class_list":["post-136464","post","type-post","status-publish","format-standard","hentry","category-actualite","category-burkina-faso"],"_links":{"self":[{"href":"https:\/\/linitiative.ca\/International\/wp-json\/wp\/v2\/posts\/136464","targetHints":{"allow":["GET"]}}],"collection":[{"href":"https:\/\/linitiative.ca\/International\/wp-json\/wp\/v2\/posts"}],"about":[{"href":"https:\/\/linitiative.ca\/International\/wp-json\/wp\/v2\/types\/post"}],"author":[{"embeddable":true,"href":"https:\/\/linitiative.ca\/International\/wp-json\/wp\/v2\/users\/1816"}],"replies":[{"embeddable":true,"href":"https:\/\/linitiative.ca\/International\/wp-json\/wp\/v2\/comments?post=136464"}],"version-history":[{"count":0,"href":"https:\/\/linitiative.ca\/International\/wp-json\/wp\/v2\/posts\/136464\/revisions"}],"wp:attachment":[{"href":"https:\/\/linitiative.ca\/International\/wp-json\/wp\/v2\/media?parent=136464"}],"wp:term":[{"taxonomy":"category","embeddable":true,"href":"https:\/\/linitiative.ca\/International\/wp-json\/wp\/v2\/categories?post=136464"},{"taxonomy":"post_tag","embeddable":true,"href":"https:\/\/linitiative.ca\/International\/wp-json\/wp\/v2\/tags?post=136464"}],"curies":[{"name":"wp","href":"https:\/\/api.w.org\/{rel}","templated":true}]}}