{"id":136475,"date":"2021-12-21T15:18:04","date_gmt":"2021-12-21T20:18:04","guid":{"rendered":"https:\/\/linitiative.ca\/International\/mali-goodluck-jonathan-porteur-dun-message-de-la-cedeao\/"},"modified":"2021-12-21T15:18:04","modified_gmt":"2021-12-21T20:18:04","slug":"mali-goodluck-jonathan-porteur-dun-message-de-la-cedeao","status":"publish","type":"post","link":"https:\/\/linitiative.ca\/International\/mali-goodluck-jonathan-porteur-dun-message-de-la-cedeao\/","title":{"rendered":"Mali : Goodluck Jonathan \u00ab porteur d\u2019un message \u00bb de la Cedeao"},"content":{"rendered":"<div>\n<p><img decoding=\"async\" width=\"689\" height=\"393\" src=\"https:\/\/linitiative.ca\/International\/wp-content\/uploads\/sites\/23\/2021\/12\/16401178856401.jpg\" class=\"attachment-post-thumbnail size-post-thumbnail wp-post-image\" alt=\"\" loading=\"lazy\" srcset=\"https:\/\/linitiative.ca\/International\/wp-content\/uploads\/sites\/23\/2021\/12\/16401178856401.jpg 689w, https:\/\/www.journalducameroun.com\/wp-content\/uploads\/2021\/12\/16401178856401-300x171.jpg 300w, https:\/\/www.journalducameroun.com\/wp-content\/uploads\/2021\/12\/16401178856401-160x90.jpg 160w, https:\/\/www.journalducameroun.com\/wp-content\/uploads\/2021\/12\/16401178856401-350x200.jpg 350w, https:\/\/www.journalducameroun.com\/wp-content\/uploads\/2021\/12\/16401178856401-600x342.jpg 600w\" sizes=\"auto, (max-width: 689px) 100vw, 689px\"><\/p>\n<p>L&rsquo;ancien pr\u00e9sident du Nigeria accompagn\u00e9 du pr\u00e9sident de la Commission de la Cedeao, l&rsquo;ivoirien, Jean Claude Kassi Brou ont \u00e9t\u00e9 accueillis \u00e0 Bamako par le ministre malien des Affaires \u00e9trang\u00e8res et de la coop\u00e9ration internationale, Abdoulaye Diop.Cette mission de trois jours intervient \u00ab dans le cadre de la mise en application des derni\u00e8res recommandations de la Conf\u00e9rence des chefs d&rsquo;\u00c9tat et de gouvernement de la Cedeao sur le Mali \u00bb selon un communiqu\u00e9 de l&rsquo;organisation r\u00e9gionale.\u00a0 Goodluck Jonathan est \u00ab porteur d&rsquo;un message \u00bb des chefs d&rsquo;\u00c9tat et de gouvernement de l&rsquo;organisation de la Communaut\u00e9 \u00e9conomique des \u00c9tats d&rsquo;Afrique de l&rsquo;Ouest (Cedeao), au pr\u00e9sident de la Transition, le colonel Assimi Go\u00efta.<\/p>\n<p>Les Chefs d&rsquo;Etat membres de la Cedeao, r\u00e9unis en sommet ordinaire le 12 d\u00e9cembre \u00e0 Abuja, ont exig\u00e9 des \u00e9lections le 27 f\u00e9vrier 2022 au Mali. Ils ont d\u00e9cid\u00e9 \u00e9galement d&rsquo;imposer des sanctions suppl\u00e9mentaires d\u00e8s janvier si les autorit\u00e9s maliennes n&rsquo;honorent pas leur engagement initial de tenir \u00e0 cette date des \u00e9lections cens\u00e9es ramener les civils au pouvoir.<\/p>\n<p>Lors de sa session du 7 novembre dernier, la Cedeao avait impos\u00e9 des sanctions individuelles aux membres de la junte au pouvoir au Mali, en raison du retard pris dans l&rsquo;organisation des \u00e9lections. Le Premier ministre de la transition, Choguel Kokalla Ma\u00efga et plusieurs membres de son gouvernement, des membres du Conseil national de la Transition (CNT) figurent parmi les 149 personnalit\u00e9s sanctionn\u00e9es par la Cedeao.<\/p>\n<p>Dans ce sillage, les chefs d&rsquo;Etat de la Cedeao pr\u00e9viennent que des \u00ab sanctions additionnelles \u00bb seront impos\u00e9es au Mali d\u00e8s le 1er janvier 2022 si aucun progr\u00e8s tangible n&rsquo;est effectu\u00e9 le 31 d\u00e9cembre. Ces sanctions incluront notamment des sanctions \u00e9conomiques et financi\u00e8res selon l&rsquo;organisation sous-r\u00e9gionale qui demande au M\u00e9diateur d&rsquo;informer les autorit\u00e9s maliennes.<\/p>\n<p>Lors de sa derni\u00e8re visite au Mali les 5 et 7 septembre 2021, Goodluck Jonathan avait exprim\u00e9 sa \u00ab pr\u00e9occupation sur l&rsquo;insuffisance d&rsquo;actions concr\u00e8tes dans la pr\u00e9paration effective du processus \u00e9lectoral \u00bb. A ce titre, il avait encourag\u00e9 le gouvernement de transition \u00e0 pr\u00e9senter rapidement \u00ab un chronogramme d\u00e9taillant le calendrier, les r\u00e9formes et actions prioritaires qu&rsquo;il urge d&rsquo;entreprendre pour la tenue des \u00e9lections pr\u00e9sidentielles et l\u00e9gislatives. \u00bb<\/p>\n<p>Cet article <a rel=\"nofollow\" href=\"https:\/\/www.journalducameroun.com\/mali-goodluck-jonathan-porteur-dun-message-de-la-cedeao\/\">Mali : Goodluck Jonathan \u00ab porteur d\u2019un message \u00bb de la Cedeao<\/a> est apparu en premier sur <a rel=\"nofollow\" href=\"https:\/\/www.journalducameroun.com\/\">Journal du Cameroun<\/a>.<\/p>\n<\/div>\n<p>Auteur: APA News<br \/>\n<a href=\"https:\/\/www.journalducameroun.com\/mali-goodluck-jonathan-porteur-dun-message-de-la-cedeao\/\">Cliquez ici pour lire l&rsquo;article depuis sa source.<\/a><\/p>\n","protected":false},"excerpt":{"rendered":"<p>L&rsquo;ancien pr\u00e9sident du Nigeria accompagn\u00e9 du pr\u00e9sident de la Commission de la Cedeao, l&rsquo;ivoirien, Jean Claude Kassi Brou ont \u00e9t\u00e9 accueillis \u00e0 Bamako par le ministre malien des Affaires \u00e9trang\u00e8res et de la coop\u00e9ration internationale, Abdoulaye Diop.Cette mission de trois jours intervient \u00ab dans le cadre de la mise en application des derni\u00e8res recommandations de [&hellip;]<\/p>\n","protected":false},"author":1965,"featured_media":0,"comment_status":"closed","ping_status":"closed","sticky":false,"template":"","format":"standard","meta":{"fifu_image_url":"https:\/\/www.journalducameroun.com\/wp-content\/uploads\/2021\/12\/16401178856401.jpg","fifu_image_alt":"Mali : Goodluck Jonathan \u00ab porteur d\u2019un message \u00bb de la Cedeao","footnotes":""},"categories":[73,82],"tags":[],"class_list":["post-136475","post","type-post","status-publish","format-standard","hentry","category-actualite","category-cameroun"],"_links":{"self":[{"href":"https:\/\/linitiative.ca\/International\/wp-json\/wp\/v2\/posts\/136475","targetHints":{"allow":["GET"]}}],"collection":[{"href":"https:\/\/linitiative.ca\/International\/wp-json\/wp\/v2\/posts"}],"about":[{"href":"https:\/\/linitiative.ca\/International\/wp-json\/wp\/v2\/types\/post"}],"author":[{"embeddable":true,"href":"https:\/\/linitiative.ca\/International\/wp-json\/wp\/v2\/users\/1965"}],"replies":[{"embeddable":true,"href":"https:\/\/linitiative.ca\/International\/wp-json\/wp\/v2\/comments?post=136475"}],"version-history":[{"count":0,"href":"https:\/\/linitiative.ca\/International\/wp-json\/wp\/v2\/posts\/136475\/revisions"}],"wp:attachment":[{"href":"https:\/\/linitiative.ca\/International\/wp-json\/wp\/v2\/media?parent=136475"}],"wp:term":[{"taxonomy":"category","embeddable":true,"href":"https:\/\/linitiative.ca\/International\/wp-json\/wp\/v2\/categories?post=136475"},{"taxonomy":"post_tag","embeddable":true,"href":"https:\/\/linitiative.ca\/International\/wp-json\/wp\/v2\/tags?post=136475"}],"curies":[{"name":"wp","href":"https:\/\/api.w.org\/{rel}","templated":true}]}}