{"id":136483,"date":"2021-12-21T06:33:30","date_gmt":"2021-12-21T11:33:30","guid":{"rendered":"https:\/\/linitiative.ca\/International\/le-ministre-de-la-sante-lance-une-vaste-campagne-de-vaccination-contre-la-covid-19-en-prelude-a-la-can\/"},"modified":"2021-12-21T06:33:30","modified_gmt":"2021-12-21T11:33:30","slug":"le-ministre-de-la-sante-lance-une-vaste-campagne-de-vaccination-contre-la-covid-19-en-prelude-a-la-can","status":"publish","type":"post","link":"https:\/\/linitiative.ca\/International\/le-ministre-de-la-sante-lance-une-vaste-campagne-de-vaccination-contre-la-covid-19-en-prelude-a-la-can\/","title":{"rendered":"Le ministre de la Sant\u00e9  lance une vaste campagne de vaccination contre la covid-19 en pr\u00e9lude \u00e0 la Can"},"content":{"rendered":"<div>\n<p>Au moment o\u00f9 certains pays dans le monde font face \u00e0 une nouvelle variante de la Covid-19, le ministre de la Sant\u00e9 Publique Camerounais, dans un communiqu\u00e9 de presse sign\u00e9 ce 20 d\u00e9cembre 2021, informe les populations qu\u2019en pr\u00e9lude \u00e0 la Coupe d\u2019Afrique des Nations du Football  qu\u2019abrite \u00a0le Cameroun, \u00abil est organis\u00e9 \u00e0 compter du 20 d\u00e9cembre 2021, une vaste campagne d\u2019intensification de la vaccination contre la covid-19 sur toute l\u2019\u00e9tendue du territoire national\u00a0\u00bb, renseigne le communiqu\u00e9 dont EcoMatin a eu copie. <\/p>\n<p><strong>Lire aussi<\/strong> : <strong><a href=\"https:\/\/ecomatin.net\/lutte-contree-la-covid-19-le-gouvernement-intensifie-la-sensibilisation-sur-la-vaccination\/\">Lutte contre la covid-19 : le gouvernement intensifie la sensibilisation sur la vaccination<\/a><\/strong><\/p>\n<p>Lequel fait savoir qu\u2019elle concerne toute personne \u00e2g\u00e9e de 18 ans et plus. L\u2019objectif recherch\u00e9 par le minist\u00e8re de la Sant\u00e9 est de donner la possibilit\u00e9 aux citoyens de satisfaire aux exigences du pass sanitaire conjointement adopt\u00e9 par le gouvernement camerounais et la Conf\u00e9d\u00e9ration Afrique de Football. Le ministre de la Sant\u00e9 Publique, dans sa sortie rassure quant \u00e0 \u00ab la disponibilit\u00e9 suffisante aussi bien des doses de vaccins que des tests de d\u00e9pistage du covid-19 soit environ 2\u00a0000\u00a0000 de doses de vaccins et 2 5\u00a000\u00a0000 test PCR et TDR compris\u00a0\u00bb, informe Manaouda Malachie. <\/p>\n<p><strong>Lire aussi<\/strong> : <strong><a href=\"https:\/\/ecomatin.net\/lutte-contre-la-covid-19-le-gouvernement-deploie-son-plan-de-vaccination\/\" target=\"_blank\" rel=\"noreferrer noopener\">Lutte contre la Covid-19 : le gouvernement d\u00e9ploie son plan de vaccination<\/a><\/strong><\/p>\n<p>Au cours de ladite\u00a0\u00a0campagne,\u00a0\u00a0il sera administr\u00e9 les vaccins\u00a0: Johnson &amp;Johnson, les premi\u00e8res doses de vaccin Pfizer, les deuxi\u00e8mes doses des vaccins Astra Zeneca et le vaccin Sinopham. \u00ab L\u2019offre de la vaccination s\u2019effectuera dans toutes les formations sanitaires accr\u00e9dit\u00e9s, les lieux publics notamment\u00a0: les march\u00e9s, les chefferies, les Eglises\/ mosqu\u00e9es, les administrations publiques et les entreprises\u2026\u00a0\u00bb, note le communiqu\u00e9 du Minsante. C\u2019est dans cette optique que le membre du gouvernement invite les populations \u00e0 adh\u00e9rer massivement \u00e0 cette campagne sp\u00e9ciale de vaccination contre covid-19 et particuli\u00e8rement toute la communaut\u00e9 sportive. \u00abAinsi que les responsables du secteur d\u2019h\u00e9bergement et des loisirs afin d\u2019\u00e9viter une r\u00e9surgence des cas covid-19 apr\u00e8s la comp\u00e9tition\u00a0\u00bb, souligne le ministre de la Sant\u00e9 Publique.<\/p>\n<p><strong>Lire aussi<\/strong> : <strong><a href=\"https:\/\/ecomatin.net\/coronavirus-les-deputes-boudent-la-vaccination\/\">Coronavirus : les d\u00e9put\u00e9s boudent la vaccination<\/a><\/strong><\/p>\n<p>L\u2019article <a rel=\"nofollow\" href=\"https:\/\/ecomatin.net\/le-ministre-de-la-sante-lance-une-vaste-campagne-de-vaccination-contre-la-covid-19-en-prelude-a-la-can\/\">Le ministre de la Sant\u00e9  lance une vaste campagne de vaccination contre la covid-19 en pr\u00e9lude \u00e0 la Can<\/a> est apparu en premier sur <a rel=\"nofollow\" href=\"https:\/\/ecomatin.net\/\">EcoMatin<\/a>.<\/p>\n<\/div>\n<p>Auteur: Amina MALLOUM<br \/>\n<a href=\"https:\/\/ecomatin.net\/le-ministre-de-la-sante-lance-une-vaste-campagne-de-vaccination-contre-la-covid-19-en-prelude-a-la-can\/\">Cliquez ici pour lire l&rsquo;article depuis sa source.<\/a><\/p>\n","protected":false},"excerpt":{"rendered":"<p>Au moment o\u00f9 certains pays dans le monde font face \u00e0 une nouvelle variante de la Covid-19, le ministre de la Sant\u00e9 Publique Camerounais, dans un communiqu\u00e9 de presse sign\u00e9 ce 20 d\u00e9cembre 2021, informe les populations qu\u2019en pr\u00e9lude \u00e0 la Coupe d\u2019Afrique des Nations du Football qu\u2019abrite \u00a0le Cameroun, \u00abil est organis\u00e9 \u00e0 compter [&hellip;]<\/p>\n","protected":false},"author":1969,"featured_media":0,"comment_status":"closed","ping_status":"closed","sticky":false,"template":"","format":"standard","meta":{"fifu_image_url":"","fifu_image_alt":"","footnotes":""},"categories":[82,78],"tags":[],"class_list":["post-136483","post","type-post","status-publish","format-standard","hentry","category-cameroun","category-economie"],"_links":{"self":[{"href":"https:\/\/linitiative.ca\/International\/wp-json\/wp\/v2\/posts\/136483","targetHints":{"allow":["GET"]}}],"collection":[{"href":"https:\/\/linitiative.ca\/International\/wp-json\/wp\/v2\/posts"}],"about":[{"href":"https:\/\/linitiative.ca\/International\/wp-json\/wp\/v2\/types\/post"}],"author":[{"embeddable":true,"href":"https:\/\/linitiative.ca\/International\/wp-json\/wp\/v2\/users\/1969"}],"replies":[{"embeddable":true,"href":"https:\/\/linitiative.ca\/International\/wp-json\/wp\/v2\/comments?post=136483"}],"version-history":[{"count":0,"href":"https:\/\/linitiative.ca\/International\/wp-json\/wp\/v2\/posts\/136483\/revisions"}],"wp:attachment":[{"href":"https:\/\/linitiative.ca\/International\/wp-json\/wp\/v2\/media?parent=136483"}],"wp:term":[{"taxonomy":"category","embeddable":true,"href":"https:\/\/linitiative.ca\/International\/wp-json\/wp\/v2\/categories?post=136483"},{"taxonomy":"post_tag","embeddable":true,"href":"https:\/\/linitiative.ca\/International\/wp-json\/wp\/v2\/tags?post=136483"}],"curies":[{"name":"wp","href":"https:\/\/api.w.org\/{rel}","templated":true}]}}