{"id":136484,"date":"2021-12-21T08:33:31","date_gmt":"2021-12-21T13:33:31","guid":{"rendered":"https:\/\/linitiative.ca\/International\/la-mairie-de-bokito-adopte-un-budget-de-17-milliard-pour-2022\/"},"modified":"2021-12-21T08:33:31","modified_gmt":"2021-12-21T13:33:31","slug":"la-mairie-de-bokito-adopte-un-budget-de-17-milliard-pour-2022","status":"publish","type":"post","link":"https:\/\/linitiative.ca\/International\/la-mairie-de-bokito-adopte-un-budget-de-17-milliard-pour-2022\/","title":{"rendered":"La Mairie de Bokito adopte un budget de 1,7 milliard pour 2022"},"content":{"rendered":"<div>\n<p>Equilibr\u00e9 en recettes et en d\u00e9penses \u00e0 la somme\u00a01,7 milliard de FCFA, la\u00a0\u00a0mairie de\u00a0Bokito, dans le d\u00e9partement du Mbam-et-Inoubou\u00a0r\u00e9gion du Centre, a adopt\u00e9 le 14 d\u00e9cembre 2021, son budget de fonctionnement\u00a0\u00a0pour le compte de l\u2019exercice 2022.<\/p>\n<p><strong>Lire aussi<\/strong> : <strong><a href=\"https:\/\/ecomatin.net\/mairie-de-douala-roger-mbassa-ndine-insatisfait-de-lexecution-du-budget-2021\/\">Mairie de Douala : Roger Mbassa Ndine insatisfait de l\u2019ex\u00e9cution du budget 2021<\/a><\/strong><\/p>\n<p>\u00a0Le dit budget enregistre\u00a0\u00a0une baisse\u00a0de 60 millions de FCFA en glissement annuel repr\u00e9sentant ainsi 5,10\u2105 des recettes totales.\u00a0\u00a0Pour Zach\u00e9e Amatagana, le maire de la commune de Bokito, \u00abseul le\u00a0 retour au r\u00e9alisme a amen\u00e9 l\u2019ex\u00e9cutif municipal \u00e0 r\u00e9\u00e9valuer objectivement les cr\u00e9dits d\u00e9l\u00e9gu\u00e9s. Au cours de cette session, plusieurs d\u00e9lib\u00e9rations ont \u00e9t\u00e9 vot\u00e9es. Notamment celle portant validation du plan d\u2019investissement annuel 2022, celle fixant les indemnit\u00e9s et avantages allou\u00e9s \u00e0 l\u2019ex\u00e9cutif communal et enfin celle autorisant le maire \u00e0 se r\u00e9f\u00e9rer \u00e0 un cabinet lorsque la commune est assign\u00e9e en justice\u00a0\u00bb, souligne le maire.<\/p>\n<p>Dans le d\u00e9tail d\u2019apr\u00e8s la marie, le pr\u00e9sent\u00a0\u00a0budget prend en\u00a0\u00a0compte les orientations de la politique budg\u00e9taire prescrite dans la circulaire conjointe du 07 octobre 2021 relative \u00e0 la pr\u00e9paration du budget des CPD pour exercice 2022 avec en substance l\u2019inscription dans le budget des ressources n\u00e9cessaires \u00e0 la prise en charge de toutes les d\u00e9penses obligatoires notamment : les cotisations sociales du personnel, le traitement des salaires, les imp\u00f4ts taxes \u00e0 reverser\u2026<\/p>\n<p><strong>Lire aussi<\/strong> : <strong><a href=\"https:\/\/ecomatin.net\/cud-mbassa-ndine-reduit-le-budget-de-pres-de-13-milliards-de-fcfa\/\" target=\"_blank\" rel=\"noreferrer noopener\">CUD : Mbassa Ndine r\u00e9duit le budget de pr\u00e8s de 13 milliards de FCFA<\/a><\/strong><\/p>\n<p>A l\u2019issue des travaux, le pr\u00e9fet\u00a0du Mbam et Inoubou,\u00a0Monono woloa Absalon\u00a0a formul\u00e9 des recommandations. Il\u00a0\u00a0souhaite\u00a0\u00a0que le budget repose sur mesures capables d\u2019optimiser les recettes, identification de nouvelles niches, l\u2019\u00e9largissement de l\u2019assiette fiscale capable de d\u00e9velopper la mise en \u0153uvre d\u2019une politique fiscale bas\u00e9e sur une politique administrative, la s\u00e9curisation des recettes , la lutte contre la fraude et la corruption et le suivisme fiscal.\u00a0\u00ab\u00a0Le budget devrait veiller \u00e0 la consolidation des acquis en assurant la maintenance de ce qui existe d\u00e9j\u00e0, en outre, le suivi des diff\u00e9rents projets que pourrait b\u00e9n\u00e9ficier la commune \u00e0 la satisfaction des populations. L\u2019acquisition et la s\u00e9curisation des parcelles de terres communales qui serviront plus tard \u00e0 la r\u00e9alisation des projets de d\u00e9veloppement\u00a0\u00bb, indique le\u00a0patron du d\u00e9partement.\u00a0\u00ab\u00a0Un accent devrait \u00eatre mis sur la rationalisation et la gestion des ressources humaines par une bonne ma\u00eetrise de l\u2019ex\u00e9cutive et assurer par ailleurs le renforcement permanent du personnel et m\u00eame des conseillers municipaux\u00a0\u00bb, rench\u00e9rit le pr\u00e9fet.<\/p>\n<p>L\u2019article <a rel=\"nofollow\" href=\"https:\/\/ecomatin.net\/la-mairie-de-bokito-adopte-un-budget-de-17-milliard-pour-2022\/\">La Mairie de Bokito adopte un budget de 1,7 milliard pour 2022<\/a> est apparu en premier sur <a rel=\"nofollow\" href=\"https:\/\/ecomatin.net\/\">EcoMatin<\/a>.<\/p>\n<\/div>\n<p>Auteur: Amina MALLOUM<br \/>\n<a href=\"https:\/\/ecomatin.net\/la-mairie-de-bokito-adopte-un-budget-de-17-milliard-pour-2022\/\">Cliquez ici pour lire l&rsquo;article depuis sa source.<\/a><\/p>\n","protected":false},"excerpt":{"rendered":"<p>Equilibr\u00e9 en recettes et en d\u00e9penses \u00e0 la somme\u00a01,7 milliard de FCFA, la\u00a0\u00a0mairie de\u00a0Bokito, dans le d\u00e9partement du Mbam-et-Inoubou\u00a0r\u00e9gion du Centre, a adopt\u00e9 le 14 d\u00e9cembre 2021, son budget de fonctionnement\u00a0\u00a0pour le compte de l\u2019exercice 2022. Lire aussi : Mairie de Douala : Roger Mbassa Ndine insatisfait de l\u2019ex\u00e9cution du budget 2021 \u00a0Le dit budget [&hellip;]<\/p>\n","protected":false},"author":1969,"featured_media":0,"comment_status":"closed","ping_status":"closed","sticky":false,"template":"","format":"standard","meta":{"fifu_image_url":"","fifu_image_alt":"","footnotes":""},"categories":[82,78],"tags":[],"class_list":["post-136484","post","type-post","status-publish","format-standard","hentry","category-cameroun","category-economie"],"_links":{"self":[{"href":"https:\/\/linitiative.ca\/International\/wp-json\/wp\/v2\/posts\/136484","targetHints":{"allow":["GET"]}}],"collection":[{"href":"https:\/\/linitiative.ca\/International\/wp-json\/wp\/v2\/posts"}],"about":[{"href":"https:\/\/linitiative.ca\/International\/wp-json\/wp\/v2\/types\/post"}],"author":[{"embeddable":true,"href":"https:\/\/linitiative.ca\/International\/wp-json\/wp\/v2\/users\/1969"}],"replies":[{"embeddable":true,"href":"https:\/\/linitiative.ca\/International\/wp-json\/wp\/v2\/comments?post=136484"}],"version-history":[{"count":0,"href":"https:\/\/linitiative.ca\/International\/wp-json\/wp\/v2\/posts\/136484\/revisions"}],"wp:attachment":[{"href":"https:\/\/linitiative.ca\/International\/wp-json\/wp\/v2\/media?parent=136484"}],"wp:term":[{"taxonomy":"category","embeddable":true,"href":"https:\/\/linitiative.ca\/International\/wp-json\/wp\/v2\/categories?post=136484"},{"taxonomy":"post_tag","embeddable":true,"href":"https:\/\/linitiative.ca\/International\/wp-json\/wp\/v2\/tags?post=136484"}],"curies":[{"name":"wp","href":"https:\/\/api.w.org\/{rel}","templated":true}]}}