{"id":13655,"date":"2019-02-13T01:10:00","date_gmt":"2019-02-13T06:10:00","guid":{"rendered":"https:\/\/linitiative.ca\/International\/comment-beneficier-des-mecanismes-de-financement-du-developpement-regional-un-grand-forum-ce-jeudi-a-sfax\/"},"modified":"2019-02-13T01:10:00","modified_gmt":"2019-02-13T06:10:00","slug":"comment-beneficier-des-mecanismes-de-financement-du-developpement-regional-un-grand-forum-ce-jeudi-a-sfax","status":"publish","type":"post","link":"https:\/\/linitiative.ca\/International\/comment-beneficier-des-mecanismes-de-financement-du-developpement-regional-un-grand-forum-ce-jeudi-a-sfax\/","title":{"rendered":"Comment b\u00e9n\u00e9ficier des m\u00e9canismes de financement du d\u00e9veloppement r\u00e9gional : Un grand forum ce jeudi \u00e0 Sfax"},"content":{"rendered":"<p>Des financements alternatifs au vu des nouvelles institutions (Caisse des D\u00e9p\u00f4ts et Consignation, partenariats public-priv\u00e9&#8230;) et du nouveau code des collectivit\u00e9s locales sont disponibles. Comment en b\u00e9n\u00e9ficier ? C\u2019est le th\u00e8me d\u2019un grand forum ce jeudi 14 f\u00e9vrier \u00e0 Sfax, organis\u00e9 par le programme Irada (Initiative r\u00e9gionale d&rsquo;appui au D\u00e9veloppement \u00e9conomique), en collaboration avec Beit Al Khibra et le soutien de l\u2019Union europ\u00e9enne. Ce forum s\u2019adressera en particulier aux \u00e9lus locaux, aux directeurs r\u00e9gionaux et centraux de d\u00e9veloppement et aux acteurs du d\u00e9veloppement r\u00e9gional des secteurs public et priv\u00e9. La qualit\u00e9 des intervenants et des mod\u00e9rateurs, tous de premier plan augure de pr\u00e9sentation et \u00e9changes constructifs. Les travaux (<a href=\"\/uploads\/FCK_files\/PROGRAMME%20SFAX.pdf\">t\u00e9l\u00e9charger le programme<\/a>) seront articul\u00e9s en quatre panels, \u00e0 savoir :<\/p>\n<h2>Panel 1 : Les m\u00e9canismes de financement PPP<\/h2>\n<p>Les infrastructures du d\u00e9veloppement r\u00e9gional : march\u00e9 public ou PPP ? Les instruments de r\u00e9alisation des projets PPP ; Rapidit\u00e9 et efficacit\u00e9 de montage et r\u00e9alisation de projets ; Le r\u00f4le de l\u2019\u00e9tat, des banques et des investisseurs priv\u00e9s dans le montage de projets d\u2019investissement ; Le cadre r\u00e9glementaire en Tunisie.<\/p>\n<h2>Panel 2 : Les m\u00e9canismes de financement priv\u00e9<\/h2>\n<p>Quelles incitations et fonds de d\u00e9veloppement r\u00e9gional en Tunisie ? Quels m\u00e9canismes de financement de fonds propres ? Quel r\u00f4le peuvent jouer les banques pour accompagner l\u2019internationalisation des entreprises ? Quelles possibilit\u00e9s de financement offrent les fonds d\u2019investissement priv\u00e9s \u00e0 l\u2019international ? Quels r\u00f4les des SICARs dans l\u2019accompagnement des entreprises ?<\/p>\n<h2>Panel 3 : Les m\u00e9canismes de financement de projets municipaux<\/h2>\n<p>Quelles seront les ressources financi\u00e8res des collectivit\u00e9s locales ?<\/p>\n<p>Quel financement r\u00e9gional avec le nouveau code des collectivit\u00e9s locales ? Quel r\u00f4le joue le fonds de d\u00e9veloppement r\u00e9gional dans le financement de projets municipaux ? Quelle strat\u00e9gie pour l\u2019atteinte de l\u2019autonomie financi\u00e8re des collectivit\u00e9s locales ?<\/p>\n<h2>Panel 4 : Structuration et financement de clusters\/session parall\u00e8le<\/h2>\n<p>Quels outils et m\u00e9canismes de gouvernance doivent adopter les clusters ? Quel ancrage du cluster dans son environnement ? Quel financement pour les projets collaboratifs pour un cluster ? Quel financement pour l\u2019innovation dans les entreprises ?<\/p>\n<p>Auteur:<br \/>\n<a href=\"http:\/\/www.leaders.com.tn\/article\/26514-comment-beneficier-des-mecanismes-de-financement-du-developpement-regional-un-grand-forum-ce-jeudi-a-sfax\">Cliquez ici pour lire l&rsquo;article depuis sa source.<\/a><\/p>\n","protected":false},"excerpt":{"rendered":"<p>Des financements alternatifs au vu des nouvelles institutions (Caisse des D\u00e9p\u00f4ts et Consignation, partenariats public-priv\u00e9&#8230;) et du nouveau code des collectivit\u00e9s locales sont disponibles. Comment en b\u00e9n\u00e9ficier ? C\u2019est le th\u00e8me d\u2019un grand forum ce jeudi 14 f\u00e9vrier \u00e0 Sfax, organis\u00e9 par le programme Irada (Initiative r\u00e9gionale d&rsquo;appui au D\u00e9veloppement \u00e9conomique), en collaboration avec Beit [&hellip;]<\/p>\n","protected":false},"author":1772,"featured_media":0,"comment_status":"closed","ping_status":"closed","sticky":false,"template":"","format":"standard","meta":{"fifu_image_url":"","fifu_image_alt":"","footnotes":""},"categories":[73,55],"tags":[],"class_list":["post-13655","post","type-post","status-publish","format-standard","hentry","category-actualite","category-tunisie"],"_links":{"self":[{"href":"https:\/\/linitiative.ca\/International\/wp-json\/wp\/v2\/posts\/13655","targetHints":{"allow":["GET"]}}],"collection":[{"href":"https:\/\/linitiative.ca\/International\/wp-json\/wp\/v2\/posts"}],"about":[{"href":"https:\/\/linitiative.ca\/International\/wp-json\/wp\/v2\/types\/post"}],"author":[{"embeddable":true,"href":"https:\/\/linitiative.ca\/International\/wp-json\/wp\/v2\/users\/1772"}],"replies":[{"embeddable":true,"href":"https:\/\/linitiative.ca\/International\/wp-json\/wp\/v2\/comments?post=13655"}],"version-history":[{"count":0,"href":"https:\/\/linitiative.ca\/International\/wp-json\/wp\/v2\/posts\/13655\/revisions"}],"wp:attachment":[{"href":"https:\/\/linitiative.ca\/International\/wp-json\/wp\/v2\/media?parent=13655"}],"wp:term":[{"taxonomy":"category","embeddable":true,"href":"https:\/\/linitiative.ca\/International\/wp-json\/wp\/v2\/categories?post=13655"},{"taxonomy":"post_tag","embeddable":true,"href":"https:\/\/linitiative.ca\/International\/wp-json\/wp\/v2\/tags?post=13655"}],"curies":[{"name":"wp","href":"https:\/\/api.w.org\/{rel}","templated":true}]}}