{"id":136562,"date":"2021-12-21T17:47:13","date_gmt":"2021-12-21T22:47:13","guid":{"rendered":"https:\/\/linitiative.ca\/International\/journee-des-communautes-le-sud-ouest-fait-etalage-de-sa-diversite-culturelle\/"},"modified":"2021-12-21T17:47:13","modified_gmt":"2021-12-21T22:47:13","slug":"journee-des-communautes-le-sud-ouest-fait-etalage-de-sa-diversite-culturelle","status":"publish","type":"post","link":"https:\/\/linitiative.ca\/International\/journee-des-communautes-le-sud-ouest-fait-etalage-de-sa-diversite-culturelle\/","title":{"rendered":"Journ\u00e9e des communaut\u00e9s : Le Sud-Ouest fait \u00e9talage  de sa diversit\u00e9 culturelle"},"content":{"rendered":"<div>\n<p><strong>La maison de la Culture Anselme Titiama Sanon a organis\u00e9, le samedi 18 d\u00e9cembre 2021 \u00e0 Bobo-Dioulasso, la deuxi\u00e8me \u00e9dition de la journ\u00e9e communautaire. Cette \u00e9dition, d\u00e9nomm\u00e9e \u00ab la journ\u00e9e du rameau Lobi \u00bb, a mis en lumi\u00e8re la r\u00e9gion du Sud-Ouest. <\/strong><\/p>\n<p>Cette deuxi\u00e8me \u00e9dition de la journ\u00e9e communautaire a mis en honneur toute la diversit\u00e9 culturelle de la r\u00e9gion du Sud-Ouest ce samedi 18 d\u00e9cembre 2021 \u00e0 Bobo-Dioulasso. C\u2019est dans sa qu\u00eate de promouvoir les formes d\u2019expression culturelle du Burkina Faso que la maison de la Culture Anselme Titiama Sanon de Bobo-Dioulasso, selon son directeur g\u00e9n\u00e9ral, Etienne Lompo, a entrepris de consacrer une journ\u00e9e chaque ann\u00e9e \u00e0 toutes les communaut\u00e9s r\u00e9sidant \u00e0 Bobo-Dioulasso.<\/p>\n<p>\u00ab La maison de la Culture a pour mission d\u2019assurer la promotion de nos valeurs culturelles. C\u2019est dans ce cadre que nous avons pens\u00e9 associ\u00e9 les diff\u00e9rentes communaut\u00e9s \u00e0 travers ces journ\u00e9es. La premi\u00e8re \u00e9dition nous a fait d\u00e9couvrir la diversit\u00e9 culturelle de la r\u00e9gion de l\u2019Est et cette \u00e9dition concerne le Sud-Ouest \u00bb, a expliqu\u00e9 le DG de la maison de la Culture, Etienne Lompo. Associ\u00e9es \u00e0 leurs parents \u00e0 plaisanterie de la r\u00e9gion des Cascades, les ethnies lobi, birifor, dagara, djan, pougouli, gan\u2026 ont au cours de cette journ\u00e9e d\u00e9nomm\u00e9e \u00ab La journ\u00e9e du rameau Lobi \u00bb, ont fait vivre l\u2019identit\u00e9 culturelle de la r\u00e9gion du Sud-Ouest.<\/p>\n<p>\u00ab Quand on parle de la r\u00e9gion du Sud-Ouest, on a tendance \u00e0 la r\u00e9duire aux ethnies dagara et lobi. Et cette journ\u00e9e nous a donn\u00e9e l\u2019occasion de voir qu\u2019en plus de ces deux ethnies, d\u2019autres ethnies aussi riches culturellement composent le Sud-Ouest \u00bb, s\u2019est r\u00e9joui le patron de la journ\u00e9e du rameau Lobi, Abel S\u00e9glaro Som\u00e9, par ailleurs Secr\u00e9taire g\u00e9n\u00e9ral du minist\u00e8re de l\u2019Economie, des Finances et du Plan.<\/p>\n<p>\u00ab La culture est une grande passion de la r\u00e9gion du Sud-Ouest. Les devanciers de cette r\u00e9gion ont laiss\u00e9 un h\u00e9ritage culturel que les g\u00e9n\u00e9rations ont le devoir de conserver. C\u2019est pourquoi je loue cette initiative de la maison de la Culture de faire la promotion culturelle, son leitmotiv \u00bb, a rench\u00e9ri le parrain, sa Majest\u00e9 Binkoet\u00e9 Albert Ouss\u00e9, chef de canton de Gaoua.<\/p>\n<p style=\"text-align: right\"><strong>Kam\u00e9l\u00e9 FAYAMA <\/strong><\/p>\n<p>L\u2019article <a rel=\"nofollow\" href=\"https:\/\/www.sidwaya.info\/blog\/2021\/12\/21\/journee-des-communautes-le-sud-ouest-fait-etalage-de-sa-diversite-culturelle\/\">Journ\u00e9e des communaut\u00e9s : Le Sud-Ouest fait \u00e9talage  de sa diversit\u00e9 culturelle<\/a> est apparu en premier sur <a rel=\"nofollow\" href=\"https:\/\/www.sidwaya.info\/\">Quotidien Sidwaya<\/a>.<\/p>\n<\/div>\n<p>Auteur: JK. Sidwaya<br \/>\n<a href=\"https:\/\/www.sidwaya.info\/blog\/2021\/12\/21\/journee-des-communautes-le-sud-ouest-fait-etalage-de-sa-diversite-culturelle\/\">Cliquez ici pour lire l&rsquo;article depuis sa source.<\/a><\/p>\n","protected":false},"excerpt":{"rendered":"<p>La maison de la Culture Anselme Titiama Sanon a organis\u00e9, le samedi 18 d\u00e9cembre 2021 \u00e0 Bobo-Dioulasso, la deuxi\u00e8me \u00e9dition de la journ\u00e9e communautaire. Cette \u00e9dition, d\u00e9nomm\u00e9e \u00ab la journ\u00e9e du rameau Lobi \u00bb, a mis en lumi\u00e8re la r\u00e9gion du Sud-Ouest. Cette deuxi\u00e8me \u00e9dition de la journ\u00e9e communautaire a mis en honneur toute la [&hellip;]<\/p>\n","protected":false},"author":1816,"featured_media":0,"comment_status":"closed","ping_status":"closed","sticky":false,"template":"","format":"standard","meta":{"fifu_image_url":"","fifu_image_alt":"","footnotes":""},"categories":[73,81],"tags":[],"class_list":["post-136562","post","type-post","status-publish","format-standard","hentry","category-actualite","category-burkina-faso"],"_links":{"self":[{"href":"https:\/\/linitiative.ca\/International\/wp-json\/wp\/v2\/posts\/136562","targetHints":{"allow":["GET"]}}],"collection":[{"href":"https:\/\/linitiative.ca\/International\/wp-json\/wp\/v2\/posts"}],"about":[{"href":"https:\/\/linitiative.ca\/International\/wp-json\/wp\/v2\/types\/post"}],"author":[{"embeddable":true,"href":"https:\/\/linitiative.ca\/International\/wp-json\/wp\/v2\/users\/1816"}],"replies":[{"embeddable":true,"href":"https:\/\/linitiative.ca\/International\/wp-json\/wp\/v2\/comments?post=136562"}],"version-history":[{"count":0,"href":"https:\/\/linitiative.ca\/International\/wp-json\/wp\/v2\/posts\/136562\/revisions"}],"wp:attachment":[{"href":"https:\/\/linitiative.ca\/International\/wp-json\/wp\/v2\/media?parent=136562"}],"wp:term":[{"taxonomy":"category","embeddable":true,"href":"https:\/\/linitiative.ca\/International\/wp-json\/wp\/v2\/categories?post=136562"},{"taxonomy":"post_tag","embeddable":true,"href":"https:\/\/linitiative.ca\/International\/wp-json\/wp\/v2\/tags?post=136562"}],"curies":[{"name":"wp","href":"https:\/\/api.w.org\/{rel}","templated":true}]}}