{"id":136617,"date":"2021-12-23T14:09:13","date_gmt":"2021-12-23T19:09:13","guid":{"rendered":"https:\/\/linitiative.ca\/International\/la-valeur-universelle-repose-egalement-sur-ses-valeurs-douverture\/"},"modified":"2021-12-23T14:09:13","modified_gmt":"2021-12-23T19:09:13","slug":"la-valeur-universelle-repose-egalement-sur-ses-valeurs-douverture","status":"publish","type":"post","link":"https:\/\/linitiative.ca\/International\/la-valeur-universelle-repose-egalement-sur-ses-valeurs-douverture\/","title":{"rendered":"La valeur universelle repose \u00e9galement sur ses valeurs d\u2019ouverture"},"content":{"rendered":"<div>\n<div style=\"margin-bottom:20px;\"><img loading=\"lazy\" decoding=\"async\" width=\"750\" height=\"430\" src=\"https:\/\/linitiative.ca\/International\/wp-content\/uploads\/sites\/23\/2021\/12\/azoulay-copier-1.jpg\" class=\"attachment-post-thumbnail size-post-thumbnail wp-post-image\" alt=\"\" srcset=\"https:\/\/linitiative.ca\/International\/wp-content\/uploads\/sites\/23\/2021\/12\/azoulay-copier-1.jpg 750w, https:\/\/www.mapmarrakech.ma\/map\/uploads\/2021\/12\/azoulay-copier-1-300x172.jpg 300w\" sizes=\"auto, (max-width: 750px) 100vw, 750px\"><\/div>\n<div>\n<p>S\u2019exprimant en cl\u00f4ture d\u2019un atelier de trois jours, initi\u00e9 conjointement par le bureau Maghreb de l\u2019UNESCO et l\u2019Association Essaouira-Mogador, et portant sur l\u2019int\u00e9gration de la culture, du patrimoine et de l\u2019histoire dans les strat\u00e9gies de d\u00e9veloppement local, M. Azoulay a rappel\u00e9 la singularit\u00e9 des valeurs incarn\u00e9es par Essaouira et leur importance dans le processus de reconnaissance de sa valeur universelle exceptionnelle.<\/p>\n<p>Cette valeur universelle exceptionnelle pourrait, selon lui, avec l\u2019appui de l\u2019UNESCO, faire l\u2019objet d\u2019une r\u00e9flexion actualis\u00e9e qui permettrait de mieux faire la p\u00e9dagogie de l\u2019ambition d\u2019Essaouira et de ses motivations en mati\u00e8re de sauvegarde de son patrimoine culturel et de sa reconnaissance internationale.<\/p>\n<p>Ainsi, avec ses d\u00e9couvertes pr\u00e9historiques r\u00e9centes et une r\u00e9flexion actualis\u00e9e sur ce qui fait sa valeur universelle exceptionnelle, la Cit\u00e9 des Aliz\u00e9s se pr\u00e9pare \u00e0 d\u00e9rouler une Feuille de route ambitieuse afin de faire de la culture un v\u00e9ritable moteur de d\u00e9veloppement durable, a affirm\u00e9 le Conseiller de Sa Majest\u00e9 le Roi.<\/p>\n<p>Ces trois journ\u00e9es de pr\u00e9sentation, d\u2019\u00e9change d\u2019exp\u00e9riences et de d\u00e9bat ont aussi permis \u00e0 l\u2019ensemble des parties-prenantes une meilleure compr\u00e9hension des m\u00e9canismes et cadres normatifs dans lesquels s\u2019inscrit l\u2019action de l\u2019UNESCO aupr\u00e8s du Maroc et d\u2019Essaouira, mais \u00e9galement de rappeler les jalons \u00e0 franchir pour tirer pleinement profit de l\u2019ensemble des potentialit\u00e9s qui en d\u00e9coulent, a-t-il soulign\u00e9.<\/p>\n<p>Saluant la participation de la soci\u00e9t\u00e9 civile souirie durant ces ateliers, M. Azoulay s\u2019est exprim\u00e9 avec \u00e9motion sur l\u2019engagement sans faille de celle-ci depuis plus de trente ans dans ce qu\u2019il qualifie de \u00ab\u00a0refondation ou renaissance d\u2019Essaouira\u00a0\u00bb, ajoutant que le tr\u00e9sor dont elle est d\u00e9positaire et qui fait sa singularit\u00e9, r\u00e9side dans la profondeur de sa culture, la richesse de son patrimoine et l\u2019authenticit\u00e9 de ses valeurs d\u2019ouverture et de tol\u00e9rance.<\/p>\n<\/div>\n<p>The post <a rel=\"nofollow\" href=\"https:\/\/www.mapmarrakech.ma\/fr\/la-valeur-universelle-repose-egalement-sur-ses-valeurs-douverture\/\">La valeur universelle repose \u00e9galement sur ses valeurs d\u2019ouverture<\/a> appeared first on <a rel=\"nofollow\" href=\"https:\/\/www.mapmarrakech.ma\/fr\">MapMarrakech<\/a>.<\/p>\n<\/div>\n<p>Auteur: Meriem IGASS<br \/>\n<a href=\"https:\/\/www.mapmarrakech.ma\/fr\/la-valeur-universelle-repose-egalement-sur-ses-valeurs-douverture\/\">Cliquez ici pour lire l&rsquo;article depuis sa source.<\/a><\/p>\n","protected":false},"excerpt":{"rendered":"<p>S\u2019exprimant en cl\u00f4ture d\u2019un atelier de trois jours, initi\u00e9 conjointement par le bureau Maghreb de l\u2019UNESCO et l\u2019Association Essaouira-Mogador, et portant sur l\u2019int\u00e9gration de la culture, du patrimoine et de l\u2019histoire dans les strat\u00e9gies de d\u00e9veloppement local, M. Azoulay a rappel\u00e9 la singularit\u00e9 des valeurs incarn\u00e9es par Essaouira et leur importance dans le processus de [&hellip;]<\/p>\n","protected":false},"author":1788,"featured_media":0,"comment_status":"closed","ping_status":"closed","sticky":false,"template":"","format":"standard","meta":{"fifu_image_url":"https:\/\/www.mapmarrakech.ma\/map\/uploads\/2021\/12\/azoulay-copier-1.jpg","fifu_image_alt":"La valeur universelle repose \u00e9galement sur ses valeurs d\u2019ouverture","footnotes":""},"categories":[54,76],"tags":[],"class_list":["post-136617","post","type-post","status-publish","format-standard","hentry","category-maroc","category-regions"],"_links":{"self":[{"href":"https:\/\/linitiative.ca\/International\/wp-json\/wp\/v2\/posts\/136617","targetHints":{"allow":["GET"]}}],"collection":[{"href":"https:\/\/linitiative.ca\/International\/wp-json\/wp\/v2\/posts"}],"about":[{"href":"https:\/\/linitiative.ca\/International\/wp-json\/wp\/v2\/types\/post"}],"author":[{"embeddable":true,"href":"https:\/\/linitiative.ca\/International\/wp-json\/wp\/v2\/users\/1788"}],"replies":[{"embeddable":true,"href":"https:\/\/linitiative.ca\/International\/wp-json\/wp\/v2\/comments?post=136617"}],"version-history":[{"count":0,"href":"https:\/\/linitiative.ca\/International\/wp-json\/wp\/v2\/posts\/136617\/revisions"}],"wp:attachment":[{"href":"https:\/\/linitiative.ca\/International\/wp-json\/wp\/v2\/media?parent=136617"}],"wp:term":[{"taxonomy":"category","embeddable":true,"href":"https:\/\/linitiative.ca\/International\/wp-json\/wp\/v2\/categories?post=136617"},{"taxonomy":"post_tag","embeddable":true,"href":"https:\/\/linitiative.ca\/International\/wp-json\/wp\/v2\/tags?post=136617"}],"curies":[{"name":"wp","href":"https:\/\/api.w.org\/{rel}","templated":true}]}}