{"id":136637,"date":"2021-12-23T07:00:00","date_gmt":"2021-12-23T12:00:00","guid":{"rendered":"https:\/\/linitiative.ca\/International\/ca-bouge-pour-le-classement-fifa-de-lalgerie\/"},"modified":"2021-12-23T07:00:00","modified_gmt":"2021-12-23T12:00:00","slug":"ca-bouge-pour-le-classement-fifa-de-lalgerie","status":"publish","type":"post","link":"https:\/\/linitiative.ca\/International\/ca-bouge-pour-le-classement-fifa-de-lalgerie\/","title":{"rendered":"Ca bouge pour le classement FIFA de l&rsquo;Alg\u00e9rie !"},"content":{"rendered":"<div>La FIFA a d\u00e9voil\u00e9 son dernier classement pour l&rsquo;ann\u00e9e 2021. et il y a du mieux pour l&rsquo;Alg\u00e9rie<\/div>\n<p>Auteur:<br \/>\n<a href=\"https:\/\/www.lebuteur.com\/article\/detail?titre=ca-bouge-pour-le-classement-fifa-de-lalgerie&#038;id=101888\">Cliquez ici pour lire l&rsquo;article depuis sa source.<\/a><\/p>\n","protected":false},"excerpt":{"rendered":"<p>La FIFA a d\u00e9voil\u00e9 son dernier classement pour l&rsquo;ann\u00e9e 2021. et il y a du mieux pour l&rsquo;Alg\u00e9rie Auteur: Cliquez ici pour lire l&rsquo;article depuis sa source.<\/p>\n","protected":false},"author":1738,"featured_media":0,"comment_status":"closed","ping_status":"closed","sticky":false,"template":"","format":"standard","meta":{"fifu_image_url":"","fifu_image_alt":"","footnotes":""},"categories":[53,75],"tags":[],"class_list":["post-136637","post","type-post","status-publish","format-standard","hentry","category-algerie","category-sport"],"_links":{"self":[{"href":"https:\/\/linitiative.ca\/International\/wp-json\/wp\/v2\/posts\/136637","targetHints":{"allow":["GET"]}}],"collection":[{"href":"https:\/\/linitiative.ca\/International\/wp-json\/wp\/v2\/posts"}],"about":[{"href":"https:\/\/linitiative.ca\/International\/wp-json\/wp\/v2\/types\/post"}],"author":[{"embeddable":true,"href":"https:\/\/linitiative.ca\/International\/wp-json\/wp\/v2\/users\/1738"}],"replies":[{"embeddable":true,"href":"https:\/\/linitiative.ca\/International\/wp-json\/wp\/v2\/comments?post=136637"}],"version-history":[{"count":0,"href":"https:\/\/linitiative.ca\/International\/wp-json\/wp\/v2\/posts\/136637\/revisions"}],"wp:attachment":[{"href":"https:\/\/linitiative.ca\/International\/wp-json\/wp\/v2\/media?parent=136637"}],"wp:term":[{"taxonomy":"category","embeddable":true,"href":"https:\/\/linitiative.ca\/International\/wp-json\/wp\/v2\/categories?post=136637"},{"taxonomy":"post_tag","embeddable":true,"href":"https:\/\/linitiative.ca\/International\/wp-json\/wp\/v2\/tags?post=136637"}],"curies":[{"name":"wp","href":"https:\/\/api.w.org\/{rel}","templated":true}]}}