{"id":136638,"date":"2021-12-23T08:38:00","date_gmt":"2021-12-23T13:38:00","guid":{"rendered":"https:\/\/linitiative.ca\/International\/maroc-halilhodzic-explique-la-non-selection-de-ziyech\/"},"modified":"2021-12-23T08:38:00","modified_gmt":"2021-12-23T13:38:00","slug":"maroc-halilhodzic-explique-la-non-selection-de-ziyech","status":"publish","type":"post","link":"https:\/\/linitiative.ca\/International\/maroc-halilhodzic-explique-la-non-selection-de-ziyech\/","title":{"rendered":"Maroc : Halilhodzic explique la non-s\u00e9lection de Ziyech"},"content":{"rendered":"<div>Le Maroc a d\u00e9voil\u00e9 sa liste des joueurs convoqu\u00e9s pour la prochaine Coupe d\u2019Afrique des Nations, pr\u00e9vue du 9 janvier au 22 f\u00e9vrier prochain<\/div>\n<p>Auteur:<br \/>\n<a href=\"https:\/\/www.lebuteur.com\/article\/detail?titre=maroc-halilhodzic-explique-la-non-selection-de-ziyech&#038;id=101889\">Cliquez ici pour lire l&rsquo;article depuis sa source.<\/a><\/p>\n","protected":false},"excerpt":{"rendered":"<p>Le Maroc a d\u00e9voil\u00e9 sa liste des joueurs convoqu\u00e9s pour la prochaine Coupe d\u2019Afrique des Nations, pr\u00e9vue du 9 janvier au 22 f\u00e9vrier prochain Auteur: Cliquez ici pour lire l&rsquo;article depuis sa source.<\/p>\n","protected":false},"author":1738,"featured_media":0,"comment_status":"closed","ping_status":"closed","sticky":false,"template":"","format":"standard","meta":{"fifu_image_url":"","fifu_image_alt":"","footnotes":""},"categories":[53,75],"tags":[],"class_list":["post-136638","post","type-post","status-publish","format-standard","hentry","category-algerie","category-sport"],"_links":{"self":[{"href":"https:\/\/linitiative.ca\/International\/wp-json\/wp\/v2\/posts\/136638","targetHints":{"allow":["GET"]}}],"collection":[{"href":"https:\/\/linitiative.ca\/International\/wp-json\/wp\/v2\/posts"}],"about":[{"href":"https:\/\/linitiative.ca\/International\/wp-json\/wp\/v2\/types\/post"}],"author":[{"embeddable":true,"href":"https:\/\/linitiative.ca\/International\/wp-json\/wp\/v2\/users\/1738"}],"replies":[{"embeddable":true,"href":"https:\/\/linitiative.ca\/International\/wp-json\/wp\/v2\/comments?post=136638"}],"version-history":[{"count":0,"href":"https:\/\/linitiative.ca\/International\/wp-json\/wp\/v2\/posts\/136638\/revisions"}],"wp:attachment":[{"href":"https:\/\/linitiative.ca\/International\/wp-json\/wp\/v2\/media?parent=136638"}],"wp:term":[{"taxonomy":"category","embeddable":true,"href":"https:\/\/linitiative.ca\/International\/wp-json\/wp\/v2\/categories?post=136638"},{"taxonomy":"post_tag","embeddable":true,"href":"https:\/\/linitiative.ca\/International\/wp-json\/wp\/v2\/tags?post=136638"}],"curies":[{"name":"wp","href":"https:\/\/api.w.org\/{rel}","templated":true}]}}