{"id":136662,"date":"2021-12-23T16:15:11","date_gmt":"2021-12-23T21:15:11","guid":{"rendered":"https:\/\/linitiative.ca\/International\/le-maroc-terre-du-doing-business-mais-pas-du-business-en-douce\/"},"modified":"2021-12-23T16:15:11","modified_gmt":"2021-12-23T21:15:11","slug":"le-maroc-terre-du-doing-business-mais-pas-du-business-en-douce","status":"publish","type":"post","link":"https:\/\/linitiative.ca\/International\/le-maroc-terre-du-doing-business-mais-pas-du-business-en-douce\/","title":{"rendered":"Le Maroc, terre du doing business mais pas du business en douce"},"content":{"rendered":"<div><img decoding=\"async\" width=\"800\" height=\"600\" src=\"https:\/\/linitiative.ca\/International\/wp-content\/uploads\/sites\/23\/2021\/12\/doing-business-1.jpeg\" class=\"attachment-post-thumbnail size-post-thumbnail wp-post-image\" alt=\"\" loading=\"lazy\" srcset=\"https:\/\/linitiative.ca\/International\/wp-content\/uploads\/sites\/23\/2021\/12\/doing-business-1.jpeg 800w, https:\/\/www.challenge.ma\/wp-content\/uploads\/2021\/12\/doing-business-1-300x225.jpeg 300w, https:\/\/www.challenge.ma\/wp-content\/uploads\/2021\/12\/doing-business-1-768x576.jpeg 768w, https:\/\/www.challenge.ma\/wp-content\/uploads\/2021\/12\/doing-business-1-360x270.jpeg 360w, https:\/\/www.challenge.ma\/wp-content\/uploads\/2021\/12\/doing-business-1-750x563.jpeg 750w\" sizes=\"auto, (max-width: 800px) 100vw, 800px\" itemprop=\"image\">Le Maroc l\u2019aura compris et ne s\u2019en prive pas. Devenir le hub r\u00e9gional sur le continent africain et sur la r\u00e9gion MENA lui conf\u00e8re un statut, une stature, celle d\u2019un pays plus qu\u2019attractif et certainement comp\u00e9titif pour capter les investissements des grands groupes internationaux, les amener \u00e0 s\u2019y installer confortablement<\/div>\n<p>Auteur: challenge<br \/>\n<a href=\"https:\/\/www.challenge.ma\/le-maroc-terre-du-doing-business-mais-pas-du-business-en-douce-229302\/\">Cliquez ici pour lire l&rsquo;article depuis sa source.<\/a><\/p>\n","protected":false},"excerpt":{"rendered":"<p>Le Maroc l\u2019aura compris et ne s\u2019en prive pas. Devenir le hub r\u00e9gional sur le continent africain et sur la r\u00e9gion MENA lui conf\u00e8re un statut, une stature, celle d\u2019un pays plus qu\u2019attractif et certainement comp\u00e9titif pour capter les investissements des grands groupes internationaux, les amener \u00e0 s\u2019y installer confortablement Auteur: challenge Cliquez ici pour [&hellip;]<\/p>\n","protected":false},"author":1787,"featured_media":0,"comment_status":"closed","ping_status":"closed","sticky":false,"template":"","format":"standard","meta":{"fifu_image_url":"https:\/\/www.challenge.ma\/wp-content\/uploads\/2021\/12\/doing-business-1.jpeg","fifu_image_alt":"Le Maroc, terre du doing business mais pas du business en douce","footnotes":""},"categories":[78,54],"tags":[],"class_list":["post-136662","post","type-post","status-publish","format-standard","hentry","category-economie","category-maroc"],"_links":{"self":[{"href":"https:\/\/linitiative.ca\/International\/wp-json\/wp\/v2\/posts\/136662","targetHints":{"allow":["GET"]}}],"collection":[{"href":"https:\/\/linitiative.ca\/International\/wp-json\/wp\/v2\/posts"}],"about":[{"href":"https:\/\/linitiative.ca\/International\/wp-json\/wp\/v2\/types\/post"}],"author":[{"embeddable":true,"href":"https:\/\/linitiative.ca\/International\/wp-json\/wp\/v2\/users\/1787"}],"replies":[{"embeddable":true,"href":"https:\/\/linitiative.ca\/International\/wp-json\/wp\/v2\/comments?post=136662"}],"version-history":[{"count":0,"href":"https:\/\/linitiative.ca\/International\/wp-json\/wp\/v2\/posts\/136662\/revisions"}],"wp:attachment":[{"href":"https:\/\/linitiative.ca\/International\/wp-json\/wp\/v2\/media?parent=136662"}],"wp:term":[{"taxonomy":"category","embeddable":true,"href":"https:\/\/linitiative.ca\/International\/wp-json\/wp\/v2\/categories?post=136662"},{"taxonomy":"post_tag","embeddable":true,"href":"https:\/\/linitiative.ca\/International\/wp-json\/wp\/v2\/tags?post=136662"}],"curies":[{"name":"wp","href":"https:\/\/api.w.org\/{rel}","templated":true}]}}