{"id":136664,"date":"2021-12-23T16:45:04","date_gmt":"2021-12-23T21:45:04","guid":{"rendered":"https:\/\/linitiative.ca\/International\/et-si-on-faisait-preuve-doptimisme-par-jamal-berraoui\/"},"modified":"2021-12-23T16:45:04","modified_gmt":"2021-12-23T21:45:04","slug":"et-si-on-faisait-preuve-doptimisme-par-jamal-berraoui","status":"publish","type":"post","link":"https:\/\/linitiative.ca\/International\/et-si-on-faisait-preuve-doptimisme-par-jamal-berraoui\/","title":{"rendered":"Et si on faisait preuve d\u2019optimisme [Par Jamal Berraoui]"},"content":{"rendered":"<div><img decoding=\"async\" width=\"612\" height=\"306\" src=\"https:\/\/linitiative.ca\/International\/wp-content\/uploads\/sites\/23\/2021\/12\/vaccination-maroc.jpg\" class=\"attachment-post-thumbnail size-post-thumbnail wp-post-image\" alt=\"\" loading=\"lazy\" srcset=\"https:\/\/linitiative.ca\/International\/wp-content\/uploads\/sites\/23\/2021\/12\/vaccination-maroc.jpg 612w, https:\/\/www.challenge.ma\/wp-content\/uploads\/2021\/12\/vaccination-maroc-300x150.jpg 300w, https:\/\/www.challenge.ma\/wp-content\/uploads\/2021\/12\/vaccination-maroc-360x180.jpg 360w\" sizes=\"auto, (max-width: 612px) 100vw, 612px\" itemprop=\"image\">L\u2019angoisse reprend le dessus et la communication officielle n\u2019aide pas. Si on peut consid\u00e9rer que le nouveau variant, beaucoup plus contagieux prendra le dessus et que le nombre de contagions va s\u00fbrement exploser, il est \u00e9tabli que le variant Omicron est moins agressif. C\u2019est la faiblesse de nos capacit\u00e9s hospitali\u00e8res<\/div>\n<p>Auteur: challenge<br \/>\n<a href=\"https:\/\/www.challenge.ma\/et-si-on-faisait-preuve-doptimisme-par-jamal-berraoui-229309\/\">Cliquez ici pour lire l&rsquo;article depuis sa source.<\/a><\/p>\n","protected":false},"excerpt":{"rendered":"<p>L\u2019angoisse reprend le dessus et la communication officielle n\u2019aide pas. Si on peut consid\u00e9rer que le nouveau variant, beaucoup plus contagieux prendra le dessus et que le nombre de contagions va s\u00fbrement exploser, il est \u00e9tabli que le variant Omicron est moins agressif. C\u2019est la faiblesse de nos capacit\u00e9s hospitali\u00e8res Auteur: challenge Cliquez ici pour [&hellip;]<\/p>\n","protected":false},"author":1787,"featured_media":0,"comment_status":"closed","ping_status":"closed","sticky":false,"template":"","format":"standard","meta":{"fifu_image_url":"https:\/\/www.challenge.ma\/wp-content\/uploads\/2021\/12\/vaccination-maroc.jpg","fifu_image_alt":"Et si on faisait preuve d\u2019optimisme [Par Jamal Berraoui]","footnotes":""},"categories":[78,54],"tags":[],"class_list":["post-136664","post","type-post","status-publish","format-standard","hentry","category-economie","category-maroc"],"_links":{"self":[{"href":"https:\/\/linitiative.ca\/International\/wp-json\/wp\/v2\/posts\/136664","targetHints":{"allow":["GET"]}}],"collection":[{"href":"https:\/\/linitiative.ca\/International\/wp-json\/wp\/v2\/posts"}],"about":[{"href":"https:\/\/linitiative.ca\/International\/wp-json\/wp\/v2\/types\/post"}],"author":[{"embeddable":true,"href":"https:\/\/linitiative.ca\/International\/wp-json\/wp\/v2\/users\/1787"}],"replies":[{"embeddable":true,"href":"https:\/\/linitiative.ca\/International\/wp-json\/wp\/v2\/comments?post=136664"}],"version-history":[{"count":0,"href":"https:\/\/linitiative.ca\/International\/wp-json\/wp\/v2\/posts\/136664\/revisions"}],"wp:attachment":[{"href":"https:\/\/linitiative.ca\/International\/wp-json\/wp\/v2\/media?parent=136664"}],"wp:term":[{"taxonomy":"category","embeddable":true,"href":"https:\/\/linitiative.ca\/International\/wp-json\/wp\/v2\/categories?post=136664"},{"taxonomy":"post_tag","embeddable":true,"href":"https:\/\/linitiative.ca\/International\/wp-json\/wp\/v2\/tags?post=136664"}],"curies":[{"name":"wp","href":"https:\/\/api.w.org\/{rel}","templated":true}]}}