{"id":136668,"date":"2021-12-23T15:17:25","date_gmt":"2021-12-23T20:17:25","guid":{"rendered":"https:\/\/linitiative.ca\/International\/tunisie-ils-ont-entame-une-greve-de-la-faim\/"},"modified":"2021-12-23T15:17:25","modified_gmt":"2021-12-23T20:17:25","slug":"tunisie-ils-ont-entame-une-greve-de-la-faim","status":"publish","type":"post","link":"https:\/\/linitiative.ca\/International\/tunisie-ils-ont-entame-une-greve-de-la-faim\/","title":{"rendered":"Tunisie : Ils ont entam\u00e9 une gr\u00e8ve de la faim"},"content":{"rendered":"<div>\n<p>Le mouvement \u00ab\u00a0Citoyens contre le Coup d\u2019Etat\u00a0\u00bb a publi\u00e9 ce jeudi 23 d\u00e9cembre 2021, la liste des activistes politiques qui observent une gr\u00e8ve de la faim suivantes\u00a0: Ezzeddine Hazgui Ahmed Ghiloufi Fayza Bouhlel El Ajmi Lourimi Rafik Amara Yosri Eddali Zouhaier Ismail Mohamed Amine Missaoui \u00a0<\/p>\n<p>L\u2019article <a href=\"https:\/\/www.tunisienumerique.com\/tunisie-ils-ont-entame-une-greve-de-la-faim\/\">Tunisie : Ils ont entam\u00e9 une gr\u00e8ve de la faim<\/a> est apparu en premier sur <a href=\"https:\/\/www.tunisienumerique.com\/\">Tunisie<\/a>.<\/p>\n<\/div>\n<p>Auteur: rania ben slimane<br \/>\n<a href=\"https:\/\/www.tunisienumerique.com\/tunisie-ils-ont-entame-une-greve-de-la-faim\/\">Cliquez ici pour lire l&rsquo;article depuis sa source.<\/a><\/p>\n","protected":false},"excerpt":{"rendered":"<p>Le mouvement \u00ab\u00a0Citoyens contre le Coup d\u2019Etat\u00a0\u00bb a publi\u00e9 ce jeudi 23 d\u00e9cembre 2021, la liste des activistes politiques qui observent une gr\u00e8ve de la faim suivantes\u00a0: Ezzeddine Hazgui Ahmed Ghiloufi Fayza Bouhlel El Ajmi Lourimi Rafik Amara Yosri Eddali Zouhaier Ismail Mohamed Amine Missaoui \u00a0 L\u2019article Tunisie : Ils ont entam\u00e9 une gr\u00e8ve de [&hellip;]<\/p>\n","protected":false},"author":1789,"featured_media":0,"comment_status":"closed","ping_status":"closed","sticky":false,"template":"","format":"standard","meta":{"fifu_image_url":"","fifu_image_alt":"","footnotes":""},"categories":[73,55],"tags":[],"class_list":["post-136668","post","type-post","status-publish","format-standard","hentry","category-actualite","category-tunisie"],"_links":{"self":[{"href":"https:\/\/linitiative.ca\/International\/wp-json\/wp\/v2\/posts\/136668","targetHints":{"allow":["GET"]}}],"collection":[{"href":"https:\/\/linitiative.ca\/International\/wp-json\/wp\/v2\/posts"}],"about":[{"href":"https:\/\/linitiative.ca\/International\/wp-json\/wp\/v2\/types\/post"}],"author":[{"embeddable":true,"href":"https:\/\/linitiative.ca\/International\/wp-json\/wp\/v2\/users\/1789"}],"replies":[{"embeddable":true,"href":"https:\/\/linitiative.ca\/International\/wp-json\/wp\/v2\/comments?post=136668"}],"version-history":[{"count":0,"href":"https:\/\/linitiative.ca\/International\/wp-json\/wp\/v2\/posts\/136668\/revisions"}],"wp:attachment":[{"href":"https:\/\/linitiative.ca\/International\/wp-json\/wp\/v2\/media?parent=136668"}],"wp:term":[{"taxonomy":"category","embeddable":true,"href":"https:\/\/linitiative.ca\/International\/wp-json\/wp\/v2\/categories?post=136668"},{"taxonomy":"post_tag","embeddable":true,"href":"https:\/\/linitiative.ca\/International\/wp-json\/wp\/v2\/tags?post=136668"}],"curies":[{"name":"wp","href":"https:\/\/api.w.org\/{rel}","templated":true}]}}