{"id":136671,"date":"2021-12-23T15:58:12","date_gmt":"2021-12-23T20:58:12","guid":{"rendered":"https:\/\/linitiative.ca\/International\/condamnation-par-15-pays-du-deploiement-du-groupe-wagner-au-mali\/"},"modified":"2021-12-23T15:58:12","modified_gmt":"2021-12-23T20:58:12","slug":"condamnation-par-15-pays-du-deploiement-du-groupe-wagner-au-mali","status":"publish","type":"post","link":"https:\/\/linitiative.ca\/International\/condamnation-par-15-pays-du-deploiement-du-groupe-wagner-au-mali\/","title":{"rendered":"CONDAMNATION PAR 15 PAYS DU DEPLOIEMENT DU GROUPE WAGNER AU MALI"},"content":{"rendered":"<div>\n<p><img decoding=\"async\" width=\"284\" height=\"177\" src=\"https:\/\/linitiative.ca\/International\/wp-content\/uploads\/sites\/23\/2021\/12\/MALI-5.jpg\" class=\"attachment- size- wp-post-image\" alt=\"\" loading=\"lazy\" style=\"float:left; margin:0 15px 15px 0;\">Dans un communiqu\u00e9 rendu public, le 23 d\u00e9cembre dernier, 15 pays dont la France condamnent fermement le d\u00e9ploiement des mercenaires du groupe Wagner au Mali. En effet, ces partenaires internationaux estiment que le d\u00e9ploiement du groupe Wagner au bord du Djoliba, ne fera qu\u2019\u00abaccentuer la d\u00e9gradation de la situation s\u00e9curitaire en Afrique occidentale \u00bb. Comme \u2026<\/p>\n<p>L\u2019article <a rel=\"nofollow\" href=\"https:\/\/lepays.bf\/condamnation-par-15-pays-du-deploiement-du-groupe-wagner-au-mali\/\">CONDAMNATION PAR 15 PAYS DU DEPLOIEMENT DU GROUPE WAGNER AU MALI<\/a> est apparu en premier sur <a rel=\"nofollow\" href=\"https:\/\/lepays.bf\/\">Editions Le Pays<\/a>.<\/p>\n<\/div>\n<p>Auteur: Editions LEPAYS<br \/>\n<a href=\"https:\/\/lepays.bf\/condamnation-par-15-pays-du-deploiement-du-groupe-wagner-au-mali\/\">Cliquez ici pour lire l&rsquo;article depuis sa source.<\/a><\/p>\n","protected":false},"excerpt":{"rendered":"<p>Dans un communiqu\u00e9 rendu public, le 23 d\u00e9cembre dernier, 15 pays dont la France condamnent fermement le d\u00e9ploiement des mercenaires du groupe Wagner au Mali. En effet, ces partenaires internationaux estiment que le d\u00e9ploiement du groupe Wagner au bord du Djoliba, ne fera qu\u2019\u00abaccentuer la d\u00e9gradation de la situation s\u00e9curitaire en Afrique occidentale \u00bb. Comme [&hellip;]<\/p>\n","protected":false},"author":1813,"featured_media":0,"comment_status":"closed","ping_status":"closed","sticky":false,"template":"","format":"standard","meta":{"fifu_image_url":"https:\/\/lepays.bf\/wp-content\/uploads\/2021\/12\/MALI-5.jpg","fifu_image_alt":"CONDAMNATION PAR 15 PAYS DU DEPLOIEMENT DU GROUPE WAGNER AU MALI","footnotes":""},"categories":[73,81],"tags":[],"class_list":["post-136671","post","type-post","status-publish","format-standard","hentry","category-actualite","category-burkina-faso"],"_links":{"self":[{"href":"https:\/\/linitiative.ca\/International\/wp-json\/wp\/v2\/posts\/136671","targetHints":{"allow":["GET"]}}],"collection":[{"href":"https:\/\/linitiative.ca\/International\/wp-json\/wp\/v2\/posts"}],"about":[{"href":"https:\/\/linitiative.ca\/International\/wp-json\/wp\/v2\/types\/post"}],"author":[{"embeddable":true,"href":"https:\/\/linitiative.ca\/International\/wp-json\/wp\/v2\/users\/1813"}],"replies":[{"embeddable":true,"href":"https:\/\/linitiative.ca\/International\/wp-json\/wp\/v2\/comments?post=136671"}],"version-history":[{"count":0,"href":"https:\/\/linitiative.ca\/International\/wp-json\/wp\/v2\/posts\/136671\/revisions"}],"wp:attachment":[{"href":"https:\/\/linitiative.ca\/International\/wp-json\/wp\/v2\/media?parent=136671"}],"wp:term":[{"taxonomy":"category","embeddable":true,"href":"https:\/\/linitiative.ca\/International\/wp-json\/wp\/v2\/categories?post=136671"},{"taxonomy":"post_tag","embeddable":true,"href":"https:\/\/linitiative.ca\/International\/wp-json\/wp\/v2\/tags?post=136671"}],"curies":[{"name":"wp","href":"https:\/\/api.w.org\/{rel}","templated":true}]}}