{"id":136680,"date":"2021-12-23T12:18:03","date_gmt":"2021-12-23T17:18:03","guid":{"rendered":"https:\/\/linitiative.ca\/International\/senegal-lhistoire-au-service-du-tourisme\/"},"modified":"2021-12-23T12:18:03","modified_gmt":"2021-12-23T17:18:03","slug":"senegal-lhistoire-au-service-du-tourisme","status":"publish","type":"post","link":"https:\/\/linitiative.ca\/International\/senegal-lhistoire-au-service-du-tourisme\/","title":{"rendered":"S\u00e9n\u00e9gal : l\u2019histoire au service du tourisme"},"content":{"rendered":"<div>\n<p><img decoding=\"async\" width=\"2400\" height=\"1600\" src=\"https:\/\/linitiative.ca\/International\/wp-content\/uploads\/sites\/23\/2021\/12\/16402798834126.jpg\" class=\"attachment-post-thumbnail size-post-thumbnail wp-post-image\" alt=\"\" loading=\"lazy\" srcset=\"https:\/\/linitiative.ca\/International\/wp-content\/uploads\/sites\/23\/2021\/12\/16402798834126.jpg 2400w, https:\/\/www.journalducameroun.com\/wp-content\/uploads\/2021\/12\/16402798834126-300x200.jpg 300w, https:\/\/www.journalducameroun.com\/wp-content\/uploads\/2021\/12\/16402798834126-1024x683.jpg 1024w, https:\/\/www.journalducameroun.com\/wp-content\/uploads\/2021\/12\/16402798834126-768x512.jpg 768w, https:\/\/www.journalducameroun.com\/wp-content\/uploads\/2021\/12\/16402798834126-1536x1024.jpg 1536w, https:\/\/www.journalducameroun.com\/wp-content\/uploads\/2021\/12\/16402798834126-2048x1365.jpg 2048w, https:\/\/www.journalducameroun.com\/wp-content\/uploads\/2021\/12\/16402798834126-660x440.jpg 660w, https:\/\/www.journalducameroun.com\/wp-content\/uploads\/2021\/12\/16402798834126-600x400.jpg 600w\" sizes=\"auto, (max-width: 2400px) 100vw, 2400px\"><\/p>\n<p>L&rsquo;Agence S\u00e9n\u00e9galaise de Promotion Touristique (ASPT) et la Place du souvenir africain ont sign\u00e9, jeudi \u00e0 Dakar, une convention visant \u00e0 valoriser la destination S\u00e9n\u00e9gal \u00e0 travers l&rsquo;histoire.Dans le long cheminement de son histoire, le S\u00e9n\u00e9gal a produit de grandes figures. Ces hommes et femmes ont contribu\u00e9 par leurs id\u00e9es, leurs prises de position et leur combat \u00e0 la reconnaissance de la dignit\u00e9 de la race noire.<\/p>\n<p>La Place du souvenir africain sert actuellement de rempart contre l&rsquo;oubli de ce pan important du pass\u00e9. Mieux, cet espace culturel, inaugur\u00e9 en juin 2009, va davantage promouvoir ces h\u00e9ros gr\u00e2ce au soutien de l&rsquo;Agence S\u00e9n\u00e9galaise de Promotion Touristique (ASPT).<\/p>\n<p>\u00ab Compte tenu des missions transversales de la Place du souvenir, il est pr\u00e9tentieux pour la culture \u00e0 elle seule de faire bouger la place. Il nous faut donc des partenaires, des personnes ressources pour nous aider \u00e0 conceptualiser, mais aussi \u00e0 mettre en \u0153uvre des projets qui vont rendre<br \/>\n\tla Place du souvenir africain plus attractive \u00bb, a expliqu\u00e9 Ngakane Gningue Diouf.<\/p>\n<p>Selon la Directrice G\u00e9n\u00e9rale du lieu de m\u00e9moire, cette nouvelle initiative d\u00e9butera autour du concept Jazz Africa. \u00ab Chaque mois, une figure du continent noir ou de la diaspora sera c\u00e9l\u00e9br\u00e9e lors d&rsquo;un concert de Jazz qui se tiendra \u00e0 la Place du souvenir africain \u00bb, a-t-elle expliqu\u00e9, pr\u00e9cisant que \u00ab ce concept n&rsquo;est pas que du folklore, mais c&rsquo;est une initiative qui va participer \u00e0 la promotion touristique du S\u00e9n\u00e9gal \u00bb.<\/p>\n<p>Pr\u00e9sidant la rencontre, le Directeur G\u00e9n\u00e9ral de l&rsquo;ASPT, Pape Mahawa Diouf, a salu\u00e9 cette action dont le but est de conjuguer les efforts pour la valorisation de la destination S\u00e9n\u00e9gal.<\/p>\n<p>\u00ab Gr\u00e2ce \u00e0 cette convention, nous allons, ensemble, mettre en tourisme ce bel \u00e9difice qu&rsquo;est la Place du Souvenir, \u00e0 travers une programmation destin\u00e9e \u00e0 la rendre attractive toute l&rsquo;ann\u00e9e. A cet effet, nous nous focaliserons sur les \u00e9v\u00e9nements qui drainent le plus de visiteurs \u00e0 travers l&rsquo;art, les festivals et toute une s\u00e9rie d&rsquo;activit\u00e9s communicationnelles. Nous valorisons \u00e9galement la Place du Souvenir avec l&rsquo;installation prochaine d&rsquo;un point d&rsquo;information et d&rsquo;orientation touristique \u00bb, a indiqu\u00e9 M. Diouf.<\/p>\n<p>Pour lui, l&rsquo;histoire du S\u00e9n\u00e9gal en particulier et de l&rsquo;Afrique en g\u00e9n\u00e9ral s\u00e9duit les touristes. Par cons\u00e9quent, a-t-il indiqu\u00e9, il revient \u00e0 l&rsquo;ASPT, \u00e0 la Place du souvenir africain et aux diff\u00e9rents acteurs de ce segment, d&rsquo;analyser, de comprendre et de se positionner sur ce march\u00e9 du tourisme culturel.<\/p>\n<p>Pour y arriver, les professionnels du voyage et du tourisme devront davantage proposer une panoplie d&rsquo;exp\u00e9riences de visites uniques et des excursions principalement motiv\u00e9s par des aspects du pass\u00e9 et la recherche de l&rsquo;identit\u00e9, a sugg\u00e9r\u00e9 le Directeur G\u00e9n\u00e9ral de l&rsquo;ASPT.<\/p>\n<p>Cet article <a rel=\"nofollow\" href=\"https:\/\/www.journalducameroun.com\/senegal-lhistoire-au-service-du-tourisme\/\">S\u00e9n\u00e9gal : l\u2019histoire au service du tourisme<\/a> est apparu en premier sur <a rel=\"nofollow\" href=\"https:\/\/www.journalducameroun.com\/\">Journal du Cameroun<\/a>.<\/p>\n<\/div>\n<p>Auteur: APA News<br \/>\n<a href=\"https:\/\/www.journalducameroun.com\/senegal-lhistoire-au-service-du-tourisme\/\">Cliquez ici pour lire l&rsquo;article depuis sa source.<\/a><\/p>\n","protected":false},"excerpt":{"rendered":"<p>L&rsquo;Agence S\u00e9n\u00e9galaise de Promotion Touristique (ASPT) et la Place du souvenir africain ont sign\u00e9, jeudi \u00e0 Dakar, une convention visant \u00e0 valoriser la destination S\u00e9n\u00e9gal \u00e0 travers l&rsquo;histoire.Dans le long cheminement de son histoire, le S\u00e9n\u00e9gal a produit de grandes figures. Ces hommes et femmes ont contribu\u00e9 par leurs id\u00e9es, leurs prises de position et [&hellip;]<\/p>\n","protected":false},"author":1965,"featured_media":0,"comment_status":"closed","ping_status":"closed","sticky":false,"template":"","format":"standard","meta":{"fifu_image_url":"https:\/\/www.journalducameroun.com\/wp-content\/uploads\/2021\/12\/16402798834126.jpg","fifu_image_alt":"S\u00e9n\u00e9gal : l\u2019histoire au service du tourisme","footnotes":""},"categories":[73,82],"tags":[],"class_list":["post-136680","post","type-post","status-publish","format-standard","hentry","category-actualite","category-cameroun"],"_links":{"self":[{"href":"https:\/\/linitiative.ca\/International\/wp-json\/wp\/v2\/posts\/136680","targetHints":{"allow":["GET"]}}],"collection":[{"href":"https:\/\/linitiative.ca\/International\/wp-json\/wp\/v2\/posts"}],"about":[{"href":"https:\/\/linitiative.ca\/International\/wp-json\/wp\/v2\/types\/post"}],"author":[{"embeddable":true,"href":"https:\/\/linitiative.ca\/International\/wp-json\/wp\/v2\/users\/1965"}],"replies":[{"embeddable":true,"href":"https:\/\/linitiative.ca\/International\/wp-json\/wp\/v2\/comments?post=136680"}],"version-history":[{"count":0,"href":"https:\/\/linitiative.ca\/International\/wp-json\/wp\/v2\/posts\/136680\/revisions"}],"wp:attachment":[{"href":"https:\/\/linitiative.ca\/International\/wp-json\/wp\/v2\/media?parent=136680"}],"wp:term":[{"taxonomy":"category","embeddable":true,"href":"https:\/\/linitiative.ca\/International\/wp-json\/wp\/v2\/categories?post=136680"},{"taxonomy":"post_tag","embeddable":true,"href":"https:\/\/linitiative.ca\/International\/wp-json\/wp\/v2\/tags?post=136680"}],"curies":[{"name":"wp","href":"https:\/\/api.w.org\/{rel}","templated":true}]}}