{"id":136684,"date":"2021-12-23T14:18:03","date_gmt":"2021-12-23T19:18:03","guid":{"rendered":"https:\/\/linitiative.ca\/International\/conflit-au-tigre-lethiopie-temporise-sur-le-front\/"},"modified":"2021-12-23T14:18:03","modified_gmt":"2021-12-23T19:18:03","slug":"conflit-au-tigre-lethiopie-temporise-sur-le-front","status":"publish","type":"post","link":"https:\/\/linitiative.ca\/International\/conflit-au-tigre-lethiopie-temporise-sur-le-front\/","title":{"rendered":"Conflit au Tigr\u00e9 : l\u2019\u00c9thiopie temporise sur le front"},"content":{"rendered":"<div>\n<p><img decoding=\"async\" width=\"1920\" height=\"1280\" src=\"https:\/\/linitiative.ca\/International\/wp-content\/uploads\/sites\/23\/2021\/12\/16402870839153.jpg\" class=\"attachment-post-thumbnail size-post-thumbnail wp-post-image\" alt=\"\" loading=\"lazy\" srcset=\"https:\/\/linitiative.ca\/International\/wp-content\/uploads\/sites\/23\/2021\/12\/16402870839153.jpg 1920w, https:\/\/www.journalducameroun.com\/wp-content\/uploads\/2021\/12\/16402870839153-300x200.jpg 300w, https:\/\/www.journalducameroun.com\/wp-content\/uploads\/2021\/12\/16402870839153-1024x683.jpg 1024w, https:\/\/www.journalducameroun.com\/wp-content\/uploads\/2021\/12\/16402870839153-768x512.jpg 768w, https:\/\/www.journalducameroun.com\/wp-content\/uploads\/2021\/12\/16402870839153-1536x1024.jpg 1536w, https:\/\/www.journalducameroun.com\/wp-content\/uploads\/2021\/12\/16402870839153-660x440.jpg 660w, https:\/\/www.journalducameroun.com\/wp-content\/uploads\/2021\/12\/16402870839153-600x400.jpg 600w\" sizes=\"auto, (max-width: 1920px) 100vw, 1920px\"><\/p>\n<p>Redwan Hussien, le ministre \u00e9thiopien des Affaires \u00e9trang\u00e8res, a d\u00e9clar\u00e9 que le gouvernement n&rsquo;a pas l&rsquo;intention de pourchasser les leaders du Front de lib\u00e9ration du peuple du Tigr\u00e9 (TPLF).Addis-Abeba crie victoire dans sa guerre contre les rebelles tigr\u00e9ens. Redwan Hussien, le chef de la diplomatie \u00e9thiopienne, a affirm\u00e9, hier mercredi, que le Front de lib\u00e9ration du peuple du Tigr\u00e9 (TPLF) a battu en retraite apr\u00e8s avoir \u00e9t\u00e9 mis en d\u00e9route par l&rsquo;arm\u00e9e r\u00e9guli\u00e8re.<\/p>\n<p>C&rsquo;est seulement pour \u00ab donner une chance \u00e0 la paix \u00bb, a soulign\u00e9 M. Hussien, que les forces arm\u00e9es \u00e9thiopiennes ont proc\u00e9d\u00e9 \u00e0 un repli. Malgr\u00e9 cette main tendue, l&rsquo;\u00c9thiopie demeure inflexible sur son int\u00e9grit\u00e9 territoriale. Elle compte maintenir ses troupes dans toutes les r\u00e9gions du pays y compris au Tigr\u00e9.<\/p>\n<p>Enfin, le ministre \u00e9thiopien des Affaires \u00e9trang\u00e8res a fait part de leur volont\u00e9 d&rsquo;arriver \u00e0 une paix durable. Pour ce faire, le gouvernement a invit\u00e9 tous les \u00c9thiopiens, sans distinction aucune, \u00e0 un dialogue inclusif.<\/p>\n<p>Cet article <a rel=\"nofollow\" href=\"https:\/\/www.journalducameroun.com\/conflit-au-tigre-lethiopie-temporise-sur-le-front\/\">Conflit au Tigr\u00e9 : l\u2019\u00c9thiopie temporise sur le front<\/a> est apparu en premier sur <a rel=\"nofollow\" href=\"https:\/\/www.journalducameroun.com\/\">Journal du Cameroun<\/a>.<\/p>\n<\/div>\n<p>Auteur: APA News<br \/>\n<a href=\"https:\/\/www.journalducameroun.com\/conflit-au-tigre-lethiopie-temporise-sur-le-front\/\">Cliquez ici pour lire l&rsquo;article depuis sa source.<\/a><\/p>\n","protected":false},"excerpt":{"rendered":"<p>Redwan Hussien, le ministre \u00e9thiopien des Affaires \u00e9trang\u00e8res, a d\u00e9clar\u00e9 que le gouvernement n&rsquo;a pas l&rsquo;intention de pourchasser les leaders du Front de lib\u00e9ration du peuple du Tigr\u00e9 (TPLF).Addis-Abeba crie victoire dans sa guerre contre les rebelles tigr\u00e9ens. Redwan Hussien, le chef de la diplomatie \u00e9thiopienne, a affirm\u00e9, hier mercredi, que le Front de lib\u00e9ration [&hellip;]<\/p>\n","protected":false},"author":1965,"featured_media":0,"comment_status":"closed","ping_status":"closed","sticky":false,"template":"","format":"standard","meta":{"fifu_image_url":"https:\/\/www.journalducameroun.com\/wp-content\/uploads\/2021\/12\/16402870839153.jpg","fifu_image_alt":"Conflit au Tigr\u00e9 : l\u2019\u00c9thiopie temporise sur le front","footnotes":""},"categories":[73,82],"tags":[],"class_list":["post-136684","post","type-post","status-publish","format-standard","hentry","category-actualite","category-cameroun"],"_links":{"self":[{"href":"https:\/\/linitiative.ca\/International\/wp-json\/wp\/v2\/posts\/136684","targetHints":{"allow":["GET"]}}],"collection":[{"href":"https:\/\/linitiative.ca\/International\/wp-json\/wp\/v2\/posts"}],"about":[{"href":"https:\/\/linitiative.ca\/International\/wp-json\/wp\/v2\/types\/post"}],"author":[{"embeddable":true,"href":"https:\/\/linitiative.ca\/International\/wp-json\/wp\/v2\/users\/1965"}],"replies":[{"embeddable":true,"href":"https:\/\/linitiative.ca\/International\/wp-json\/wp\/v2\/comments?post=136684"}],"version-history":[{"count":0,"href":"https:\/\/linitiative.ca\/International\/wp-json\/wp\/v2\/posts\/136684\/revisions"}],"wp:attachment":[{"href":"https:\/\/linitiative.ca\/International\/wp-json\/wp\/v2\/media?parent=136684"}],"wp:term":[{"taxonomy":"category","embeddable":true,"href":"https:\/\/linitiative.ca\/International\/wp-json\/wp\/v2\/categories?post=136684"},{"taxonomy":"post_tag","embeddable":true,"href":"https:\/\/linitiative.ca\/International\/wp-json\/wp\/v2\/tags?post=136684"}],"curies":[{"name":"wp","href":"https:\/\/api.w.org\/{rel}","templated":true}]}}