{"id":136686,"date":"2021-12-23T16:18:03","date_gmt":"2021-12-23T21:18:03","guid":{"rendered":"https:\/\/linitiative.ca\/International\/le-benin-veut-mettre-fin-au-nomadisme-des-eleveurs\/"},"modified":"2021-12-23T16:18:03","modified_gmt":"2021-12-23T21:18:03","slug":"le-benin-veut-mettre-fin-au-nomadisme-des-eleveurs","status":"publish","type":"post","link":"https:\/\/linitiative.ca\/International\/le-benin-veut-mettre-fin-au-nomadisme-des-eleveurs\/","title":{"rendered":"Le B\u00e9nin veut mettre fin au nomadisme des \u00e9leveurs"},"content":{"rendered":"<div>\n<p><img decoding=\"async\" width=\"1024\" height=\"768\" src=\"https:\/\/linitiative.ca\/International\/wp-content\/uploads\/sites\/23\/2021\/12\/16402942838132.jpg\" class=\"attachment-post-thumbnail size-post-thumbnail wp-post-image\" alt=\"\" loading=\"lazy\" srcset=\"https:\/\/linitiative.ca\/International\/wp-content\/uploads\/sites\/23\/2021\/12\/16402942838132.jpg 1024w, https:\/\/www.journalducameroun.com\/wp-content\/uploads\/2021\/12\/16402942838132-300x225.jpg 300w, https:\/\/www.journalducameroun.com\/wp-content\/uploads\/2021\/12\/16402942838132-768x576.jpg 768w, https:\/\/www.journalducameroun.com\/wp-content\/uploads\/2021\/12\/16402942838132-587x440.jpg 587w, https:\/\/www.journalducameroun.com\/wp-content\/uploads\/2021\/12\/16402942838132-600x450.jpg 600w\" sizes=\"auto, (max-width: 1024px) 100vw, 1024px\"><\/p>\n<p>Le gouvernement b\u00e9ninois a lanc\u00e9, jeudi \u00e0 Gogounou, au nord de la capitale Cotonou, le Projet de s\u00e9dentarisation des troupeaux de ruminants (Proser).Le B\u00e9nin veut r\u00e9duire les effets pervers de la transhumance et am\u00e9liorer la contribution du sous-secteur de l&rsquo;\u00e9levage \u00e0 sa croissance \u00e9conomique. Pour ce faire, il a initi\u00e9 le Proser. Ce projet vise un changement de paradigme \u00e0 travers une profonde transformation des syst\u00e8mes d&rsquo;\u00e9levage en vue d&rsquo;une meilleure gestion des ressources pastorales, informe un communiqu\u00e9 re\u00e7u \u00e0 APA.<\/p>\n<p>Selon la Coordonnatrice du Proser, Roukayath Chabi Toko, cit\u00e9e dans le document, ce programme contribuera \u00e0 l&rsquo;am\u00e9lioration de la productivit\u00e9 du b\u00e9tail, \u00e0 la r\u00e9duction des conflits li\u00e9s \u00e0 la transhumance, \u00e0 la s\u00e9curisation des espaces pastoraux, \u00e0 la cr\u00e9ation d&#8217;emplois et \u00e0 la lutte contre la pauvret\u00e9.<\/p>\n<p>Pour le maire de Gogounou, Seydou Bary Tidjani, \u00ab le Proser se d\u00e9finit comme la riposte appropri\u00e9e aux divers fl\u00e9aux li\u00e9s \u00e0 la transhumance et \u00e0 l&rsquo;\u00e9levage extensif \u00bb.<\/p>\n<p>De son c\u00f4t\u00e9, le d\u00e9put\u00e9 de la localit\u00e9 Saba\u00ef Kate a fait savoir que le projet de s\u00e9dentarisation des \u00e9leveurs \u00ab est la meilleure piste pour asseoir une plateforme de discussions entre les acteurs du secteur\u00a0\u00bb.<\/p>\n<p>D&rsquo;une dur\u00e9e de cinq ans, le Proser, conjointement financ\u00e9 par l&rsquo;\u00c9tat b\u00e9ninois et la Banque ouest-africaine de d\u00e9veloppement (BOAD) pour un co\u00fbt global de 35 milliards F CFA, permettra d&rsquo;amorcer une transformation profonde du syst\u00e8me d&rsquo;\u00e9levage des ruminants.<\/p>\n<p>Le programme va favoriser, en outre, la s\u00e9curisation des espaces pastoraux, l&rsquo;am\u00e9lioration de la productivit\u00e9 et la production du b\u00e9tail, la lutte contre la pauvret\u00e9, la cr\u00e9ation de la richesse additionnelle et la r\u00e9duction des conflits li\u00e9s \u00e0 la transhumance, a indiqu\u00e9 le repr\u00e9sentant du ministre de l&rsquo;Agriculture, de l&rsquo;\u00c9levage et de la P\u00eache, Abdoulaye Toko.<\/p>\n<p>Parmi les actions \u00e0 mener dans le cadre du Proser figurent la lib\u00e9ration et la s\u00e9curisation de 57.000 hectares au profit des exploitations d&rsquo;\u00e9levage, la construction sur 1000 hectares \u00e0 Gogounou d&rsquo;un campement pastoral pilote pour installer 98 m\u00e9nages d&rsquo;\u00e9leveurs s\u00e9dentaires.<\/p>\n<p>Il est \u00e9galement pr\u00e9vu le renforcement des aires de p\u00e2turages attenants \u00e0 126 campements, la promotion de la production fourrag\u00e8re et la valorisation des sous-produits agricoles et agro industriels.<\/p>\n<p>Enfin, il est aussi attendu de ce projet l&rsquo;am\u00e9lioration g\u00e9n\u00e9tique des races locales par l&rsquo;ins\u00e9mination artificielle avec les semences de g\u00e9niteurs de races performantes et une meilleure prise en charge de la sant\u00e9 \u00e0 travers les campagnes de vaccination contre la fi\u00e8vre aphteuse et la dermatose nodulaire.<\/p>\n<p>Cet article <a rel=\"nofollow\" href=\"https:\/\/www.journalducameroun.com\/le-benin-veut-mettre-fin-au-nomadisme-des-eleveurs\/\">Le B\u00e9nin veut mettre fin au nomadisme des \u00e9leveurs<\/a> est apparu en premier sur <a rel=\"nofollow\" href=\"https:\/\/www.journalducameroun.com\/\">Journal du Cameroun<\/a>.<\/p>\n<\/div>\n<p>Auteur: APA News<br \/>\n<a href=\"https:\/\/www.journalducameroun.com\/le-benin-veut-mettre-fin-au-nomadisme-des-eleveurs\/\">Cliquez ici pour lire l&rsquo;article depuis sa source.<\/a><\/p>\n","protected":false},"excerpt":{"rendered":"<p>Le gouvernement b\u00e9ninois a lanc\u00e9, jeudi \u00e0 Gogounou, au nord de la capitale Cotonou, le Projet de s\u00e9dentarisation des troupeaux de ruminants (Proser).Le B\u00e9nin veut r\u00e9duire les effets pervers de la transhumance et am\u00e9liorer la contribution du sous-secteur de l&rsquo;\u00e9levage \u00e0 sa croissance \u00e9conomique. Pour ce faire, il a initi\u00e9 le Proser. Ce projet vise [&hellip;]<\/p>\n","protected":false},"author":1965,"featured_media":0,"comment_status":"closed","ping_status":"closed","sticky":false,"template":"","format":"standard","meta":{"fifu_image_url":"https:\/\/www.journalducameroun.com\/wp-content\/uploads\/2021\/12\/16402942838132.jpg","fifu_image_alt":"Le B\u00e9nin veut mettre fin au nomadisme des \u00e9leveurs","footnotes":""},"categories":[73,82],"tags":[],"class_list":["post-136686","post","type-post","status-publish","format-standard","hentry","category-actualite","category-cameroun"],"_links":{"self":[{"href":"https:\/\/linitiative.ca\/International\/wp-json\/wp\/v2\/posts\/136686","targetHints":{"allow":["GET"]}}],"collection":[{"href":"https:\/\/linitiative.ca\/International\/wp-json\/wp\/v2\/posts"}],"about":[{"href":"https:\/\/linitiative.ca\/International\/wp-json\/wp\/v2\/types\/post"}],"author":[{"embeddable":true,"href":"https:\/\/linitiative.ca\/International\/wp-json\/wp\/v2\/users\/1965"}],"replies":[{"embeddable":true,"href":"https:\/\/linitiative.ca\/International\/wp-json\/wp\/v2\/comments?post=136686"}],"version-history":[{"count":0,"href":"https:\/\/linitiative.ca\/International\/wp-json\/wp\/v2\/posts\/136686\/revisions"}],"wp:attachment":[{"href":"https:\/\/linitiative.ca\/International\/wp-json\/wp\/v2\/media?parent=136686"}],"wp:term":[{"taxonomy":"category","embeddable":true,"href":"https:\/\/linitiative.ca\/International\/wp-json\/wp\/v2\/categories?post=136686"},{"taxonomy":"post_tag","embeddable":true,"href":"https:\/\/linitiative.ca\/International\/wp-json\/wp\/v2\/tags?post=136686"}],"curies":[{"name":"wp","href":"https:\/\/api.w.org\/{rel}","templated":true}]}}