{"id":136690,"date":"2021-12-23T04:31:15","date_gmt":"2021-12-23T09:31:15","guid":{"rendered":"https:\/\/linitiative.ca\/International\/personnalite-ecomatin-2020-les-temps-forts-de-la-ceremonie\/"},"modified":"2021-12-23T04:31:15","modified_gmt":"2021-12-23T09:31:15","slug":"personnalite-ecomatin-2020-les-temps-forts-de-la-ceremonie","status":"publish","type":"post","link":"https:\/\/linitiative.ca\/International\/personnalite-ecomatin-2020-les-temps-forts-de-la-ceremonie\/","title":{"rendered":"Personnalit\u00e9 EcoMatin 2020 : les temps forts de la c\u00e9r\u00e9monie"},"content":{"rendered":"<div>\n<p>Dans la sobri\u00e9t\u00e9 et la convivialit\u00e9. En une heure d\u2019horloge, la 3\u00e8me \u00e9dition de la \u00ab Personnalit\u00e9 Ecomatin de l\u2019ann\u00e9e \u00bb a r\u00e9compens\u00e9 une nouvelle figure marquante du management de l\u2019\u00e9conomie nationale. Apr\u00e8s le Dr. Fritz Ntone Ntone, en qualit\u00e9 de D\u00e9l\u00e9gu\u00e9 du Gouvernement aupr\u00e8s de la Communaut\u00e9 urbaine de Douala en 2018, Abbas Mahamat Tolli, Gouverneur de la Banque des \u00c9tats de l\u2019Afrique centrale (Beac) en 2019, Emmanuel de Tailly, Directeur g\u00e9n\u00e9ral du groupe Sabc (Soci\u00e9t\u00e9 anonyme des brasseries du Cameroun), a \u00e9t\u00e9 couronn\u00e9 de ce prestigieux prix par EcoMatin, le premier journal d\u2019enqu\u00eates et d\u2019analyses de l\u2019actualit\u00e9 \u00e9conomique du Cameroun. \u00c9mile Fidieck, Directeur de publication du journal EcoMatin et du site internet \u00e9ponyme, a situ\u00e9 les origines de ce concept et le r\u00f4le d\u2019EcoMatin dans le paysage foisonnant de la presse \u00e9crite camerounaise, face \u00e0 la cinquantaine d\u2019invit\u00e9s tri\u00e9s sur le volet : \u00ab La distinction \u2018Personnalit\u00e9 EcoMatin de l\u2019ann\u00e9e\u2019 a \u00e9t\u00e9 mise en place en 2018, deux ans apr\u00e8s la naissance du journal en 2016. En tant que journal d\u2019actualit\u00e9s \u00e9conomiques, d\u2019ob\u00e9dience lib\u00e9rale proche du march\u00e9 et de ses acteurs, EcoMatin rapporte chaque jour \u00e0 ses publics et notamment ses communaut\u00e9s de lecteurs et d\u2019internautes, les faits \u00e9conomiques et financiers majeurs, qui prennent place au Cameroun, et dans notre sous-r\u00e9gion. Il aide ceux-ci, par une analyse objective et exclusivement guid\u00e9e par l\u2019int\u00e9r\u00eat g\u00e9n\u00e9ral, \u00e0 comprendre ces faits \u00bb, a-t-il relev\u00e9.<\/p>\n<p><strong>Lire aussi<\/strong> : <strong><a href=\"https:\/\/ecomatin.net\/emmanuel-de-tailly-manager-engage\/\">Emmanuel De TAILLY : un manager engag\u00e9<\/a><\/strong><\/p>\n<figure class=\"wp-block-image size-large\"><img loading=\"lazy\" decoding=\"async\" width=\"1024\" height=\"683\" src=\"https:\/\/linitiative.ca\/International\/wp-content\/uploads\/sites\/23\/2021\/12\/2-1024x683-1.jpg\" alt=\"\" class=\"wp-image-36311\" srcset=\"https:\/\/linitiative.ca\/International\/wp-content\/uploads\/sites\/23\/2021\/12\/2-1024x683-1.jpg 1024w, https:\/\/ecomatin.net\/wp-content\/uploads\/2021\/12\/2-300x200.jpg 300w, https:\/\/ecomatin.net\/wp-content\/uploads\/2021\/12\/2-768x512.jpg 768w, https:\/\/ecomatin.net\/wp-content\/uploads\/2021\/12\/2-1536x1024.jpg 1536w, https:\/\/ecomatin.net\/wp-content\/uploads\/2021\/12\/2-2048x1365.jpg 2048w\" sizes=\"auto, (max-width: 1024px) 100vw, 1024px\"><figcaption>Le DP Fidieck et son h\u00f4te se dirigent en salle de c\u00e9r\u00e9monie en papotant<\/figcaption><\/figure>\n<p><strong>R\u00e9silience<\/strong><\/p>\n<p>Le Directeur de publication d\u2019EcoMatin a \u00e9galement situ\u00e9 le contexte dans lequel le processus de d\u00e9signation de la \u00ab Personnalit\u00e9 Ecomatin 2020 \u00bb s\u2019est d\u00e9roul\u00e9e : en p\u00e9riode de pand\u00e9mie de la Covid-19, et dans un contexte \u00e9conomique particuli\u00e8rement difficile pour les entreprises. Pourtant, Emmanuel de Tailly et l\u2019entreprise dont il a la charge ont su se d\u00e9marquer d e c e s i m p r \u00e9 v i s i o n s conjoncturelles. Qui n\u2019ont pas \u00e9chapp\u00e9 au Comit\u00e9 \u00e9ditorial du journal : \u00ab \u00c0 la suite de votre d\u00e9signation le 15 d\u00e9cembre 2021, au titre de la personnalit\u00e9 EcoMatin 2020 par notre jury ad-hoc, nous sommes ici ce jour pour honorer et encourager votre engagement r\u00e9solu, pour la conjugaison d\u2019actions manag\u00e9riales perceptibles que vous avez initi\u00e9es durant l\u2019ann\u00e9e 2020, et la r\u00e9silience dont vous avez fait montre dans le cadre de la lutte contre la pand\u00e9mie in fine de la sant\u00e9 de vos collaborateurs. En outre, votre entreprise a pleinement assum\u00e9 son r\u00f4le citoyen dans le cadre du plan de riposte contre la pand\u00e9mie, \u00e0 travers diverses actions en faveur des communaut\u00e9s, dans le but de leur pr\u00e9servation contre la propagation de la maladie. Ce sont environ 2 milliards de FCFA que votre entreprise a investi pour cette cause commune, preuve s\u2019il en \u00e9tait encore besoin de l\u2019int\u00e9r\u00eat que vous avez affich\u00e9 pour cette lutte \u00bb, a une fois de plus indiqu\u00e9 \u00c9mile Fidieck. Le groupe Sabc s\u2019est en effet abondamment impliqu\u00e9 dans le lutte contre la Covid-19 en interne, aupr\u00e8s des autorit\u00e9s de la ville de Douala et de concert avec le gouvernement : dons de cubitainers et lavemains, masques faciaux et gels hydro-alcooliques, protocole anti-Covid rigide en interne, appuis financiers, \u00e9quipements des h\u00f4pitaux etc. \u00ab Je tiens d\u2019abord \u00e0 remercier mes collaborateurs \u00e0 qui je d\u00e9die ce prix. Je le d\u00e9die \u00e9galement au secteur priv\u00e9 et \u00e0 notre \u00e9cosyst\u00e8me qui font face \u00e0 de nombreuses crises et difficult\u00e9s dans leurs activit\u00e9s. Sans oublier le personnel soignant du Covid-19. Le Journal EcoMatin, son Directeur de publication et son \u00e9quipe m\u2019ont d\u00e9sign\u00e9 \u2018Personnalit\u00e9 EcoMatin de l\u2019ann\u00e9e 2020\u2019. Je suis \u00e0 la t\u00eate d\u2019une \u00e9quipe d\u00e9vou\u00e9e, engag\u00e9e au sein d\u2019un groupe devenu un patrimoine national \u00bb, s\u2019est \u00e9panch\u00e9 Emmanuel de Tailly, apr\u00e8s r\u00e9ception de son prix.<\/p>\n<figure class=\"wp-block-image size-large\"><img loading=\"lazy\" decoding=\"async\" width=\"1024\" height=\"683\" src=\"https:\/\/linitiative.ca\/International\/wp-content\/uploads\/sites\/23\/2021\/12\/4-1024x683-1.jpg\" alt=\"\" class=\"wp-image-36313\" srcset=\"https:\/\/linitiative.ca\/International\/wp-content\/uploads\/sites\/23\/2021\/12\/4-1024x683-1.jpg 1024w, https:\/\/ecomatin.net\/wp-content\/uploads\/2021\/12\/4-300x200.jpg 300w, https:\/\/ecomatin.net\/wp-content\/uploads\/2021\/12\/4-768x512.jpg 768w, https:\/\/ecomatin.net\/wp-content\/uploads\/2021\/12\/4-1536x1024.jpg 1536w, https:\/\/ecomatin.net\/wp-content\/uploads\/2021\/12\/4-2048x1365.jpg 2048w\" sizes=\"auto, (max-width: 1024px) 100vw, 1024px\"><figcaption>Une forte d\u00e9l\u00e9gation de la SABC assiste \u00e0 la c\u00e9r\u00e9monie<\/figcaption><\/figure>\n<p><strong>\u00c9conomie circulaire<\/strong><\/p>\n<p>Le Directeur g\u00e9n\u00e9ral de la Sabc \u00e9tait accompagn\u00e9 d\u2019Aubin Tedom, Directeur commercial et marketing du groupe Sabc, de Jacques Elimbi, le Pr\u00e9sident de l\u2019Ecole de football des Brasseries du Cameroun, de Bertrand Lenglart, Directeur administratif et financier, d\u2019Eva Elimbi, Directrice des Affaires juridiques, de Rebecca Mfondja, de Brice Kamga Monthe, Responsable Medias et Digital de SABC et d\u2019Alex Hidjop. Cette distinction intervient quelques semaines apr\u00e8s la mise en service de la Compagnie fermi\u00e8re du Cameroun (CFC), le 5 novembre 2021, sp\u00e9cialis\u00e9e dans la transformation du ma\u00efs en gritz \u00e0 destination des brasseries, la production de la farine \u00e0 base de ma\u00efs, la commercialisation des produits issus de la transformation du ma\u00efs. Un investissement de 18 milliards de FCFA dans la localit\u00e9 de Mbankomo. Preuve de l\u2019engagement de la Sabc au Cameroun, en plus de sa responsabilit\u00e9 soci\u00e9tale, la promotion de l\u2019\u00e9conomie circulaire, la cr\u00e9ation des chaines de valeurs et le soutien aux petites et moyennes entreprises, et \u00e0 l\u2019\u00e9conomie nationale.<\/p>\n<p><strong>Lire aussi<\/strong> : <strong><a href=\"https:\/\/ecomatin.net\/personnalite-ecomation-2020-et-resilience-face-a-la-covid-19\/\">\u00ab\u00a0Personnalit\u00e9 EcoMation 2020\u00a0\u00bb et r\u00e9silience face \u00e0 la Covid-19<\/a><\/strong><\/p>\n<figure class=\"wp-block-image size-large\"><img loading=\"lazy\" decoding=\"async\" width=\"1024\" height=\"683\" src=\"https:\/\/linitiative.ca\/International\/wp-content\/uploads\/sites\/23\/2021\/12\/11-1024x683-1.jpg\" alt=\"\" class=\"wp-image-36314\" srcset=\"https:\/\/linitiative.ca\/International\/wp-content\/uploads\/sites\/23\/2021\/12\/11-1024x683-1.jpg 1024w, https:\/\/ecomatin.net\/wp-content\/uploads\/2021\/12\/11-300x200.jpg 300w, https:\/\/ecomatin.net\/wp-content\/uploads\/2021\/12\/11-768x512.jpg 768w, https:\/\/ecomatin.net\/wp-content\/uploads\/2021\/12\/11-1536x1024.jpg 1536w, https:\/\/ecomatin.net\/wp-content\/uploads\/2021\/12\/11-2048x1365.jpg 2048w\" sizes=\"auto, (max-width: 1024px) 100vw, 1024px\"><figcaption>Photo de famille avec le personnel du Groupe SABC<\/figcaption><\/figure>\n<p>Des atouts incontestables pour d\u00e9crocher le prix re\u00e7u : \u00ab vous avez su maintenir le cap de la productivit\u00e9 dans un contexte marqu\u00e9 par le ralentissement presque g\u00e9n\u00e9ralis\u00e9 de l\u2019activit\u00e9 \u00e9conomique mondiale. Vous avez su pr\u00e9server les emplois et aucun licenciement n\u2019a \u00e9t\u00e9 enregistr\u00e9 dans ce contexte, sachant ainsi alterner entre mode de travail en pr\u00e9sentiel et \u00e0 distance, pour une meilleure pr\u00e9servation de la sant\u00e9 de vos collaborateurs. Ce sont-l\u00e0, Monsieur le Directeur g\u00e9n\u00e9ral, sans pr\u00e9tention d\u2019exhaustivit\u00e9, quelques \u00e9l\u00e9ments qui sous-tendent le choix port\u00e9 sur votre personne. \u00c0 travers cette distinction, qui vise \u00e0 vous formuler nos encouragements, EcoMatin, conscient des enjeux, se tient fermement aux c\u00f4t\u00e9s du groupe Sabc et s\u2019engage \u00e0 l\u2019accompagner sur ses diff\u00e9rents chantiers de la transformation de l\u2019\u00e9conomie camerounaise \u00bb, a conclu \u00c9mile Fidieck.<\/p>\n<p>L\u2019article <a rel=\"nofollow\" href=\"https:\/\/ecomatin.net\/personnalite-ecomatin-2020-les-temps-forts-de-la-ceremonie\/\">Personnalit\u00e9 EcoMatin 2020 : les temps forts de la c\u00e9r\u00e9monie<\/a> est apparu en premier sur <a rel=\"nofollow\" href=\"https:\/\/ecomatin.net\/\">EcoMatin<\/a>.<\/p>\n<\/div>\n<p>Auteur: Georges Semey<br \/>\n<a href=\"https:\/\/ecomatin.net\/personnalite-ecomatin-2020-les-temps-forts-de-la-ceremonie\/\">Cliquez ici pour lire l&rsquo;article depuis sa source.<\/a><\/p>\n","protected":false},"excerpt":{"rendered":"<p>Dans la sobri\u00e9t\u00e9 et la convivialit\u00e9. En une heure d\u2019horloge, la 3\u00e8me \u00e9dition de la \u00ab Personnalit\u00e9 Ecomatin de l\u2019ann\u00e9e \u00bb a r\u00e9compens\u00e9 une nouvelle figure marquante du management de l\u2019\u00e9conomie nationale. Apr\u00e8s le Dr. Fritz Ntone Ntone, en qualit\u00e9 de D\u00e9l\u00e9gu\u00e9 du Gouvernement aupr\u00e8s de la Communaut\u00e9 urbaine de Douala en 2018, Abbas Mahamat [&hellip;]<\/p>\n","protected":false},"author":1969,"featured_media":0,"comment_status":"closed","ping_status":"closed","sticky":false,"template":"","format":"standard","meta":{"fifu_image_url":"https:\/\/ecomatin.net\/wp-content\/uploads\/2021\/12\/2-1024x683.jpg","fifu_image_alt":"Personnalit\u00e9 EcoMatin 2020 : les temps forts de la c\u00e9r\u00e9monie","footnotes":""},"categories":[82,78],"tags":[],"class_list":["post-136690","post","type-post","status-publish","format-standard","hentry","category-cameroun","category-economie"],"_links":{"self":[{"href":"https:\/\/linitiative.ca\/International\/wp-json\/wp\/v2\/posts\/136690","targetHints":{"allow":["GET"]}}],"collection":[{"href":"https:\/\/linitiative.ca\/International\/wp-json\/wp\/v2\/posts"}],"about":[{"href":"https:\/\/linitiative.ca\/International\/wp-json\/wp\/v2\/types\/post"}],"author":[{"embeddable":true,"href":"https:\/\/linitiative.ca\/International\/wp-json\/wp\/v2\/users\/1969"}],"replies":[{"embeddable":true,"href":"https:\/\/linitiative.ca\/International\/wp-json\/wp\/v2\/comments?post=136690"}],"version-history":[{"count":0,"href":"https:\/\/linitiative.ca\/International\/wp-json\/wp\/v2\/posts\/136690\/revisions"}],"wp:attachment":[{"href":"https:\/\/linitiative.ca\/International\/wp-json\/wp\/v2\/media?parent=136690"}],"wp:term":[{"taxonomy":"category","embeddable":true,"href":"https:\/\/linitiative.ca\/International\/wp-json\/wp\/v2\/categories?post=136690"},{"taxonomy":"post_tag","embeddable":true,"href":"https:\/\/linitiative.ca\/International\/wp-json\/wp\/v2\/tags?post=136690"}],"curies":[{"name":"wp","href":"https:\/\/api.w.org\/{rel}","templated":true}]}}