{"id":136699,"date":"2021-12-24T09:00:55","date_gmt":"2021-12-24T14:00:55","guid":{"rendered":"https:\/\/linitiative.ca\/International\/groupe-cineatlas-mauritania-de-tanger-ouvre-ses-portes-en-2022\/"},"modified":"2021-12-24T09:00:55","modified_gmt":"2021-12-24T14:00:55","slug":"groupe-cineatlas-mauritania-de-tanger-ouvre-ses-portes-en-2022","status":"publish","type":"post","link":"https:\/\/linitiative.ca\/International\/groupe-cineatlas-mauritania-de-tanger-ouvre-ses-portes-en-2022\/","title":{"rendered":"Groupe Cin\u00e9Atlas : \u00abMauritania\u00bb de Tanger ouvre ses portes en 2022"},"content":{"rendered":"<div>\n<p><img loading=\"lazy\" decoding=\"async\" width=\"300\" height=\"153\" src=\"https:\/\/linitiative.ca\/International\/wp-content\/uploads\/sites\/23\/2021\/12\/cinema-tanger-300x153-1.jpg\" class=\"attachment-medium size-medium wp-post-image\" alt=\"\" srcset=\"https:\/\/linitiative.ca\/International\/wp-content\/uploads\/sites\/23\/2021\/12\/cinema-tanger-300x153-1.jpg 300w, https:\/\/aujourdhui.ma\/wp-content\/uploads\/2021\/12\/cinema-tanger-274x140.jpg 274w, https:\/\/aujourdhui.ma\/wp-content\/uploads\/2021\/12\/cinema-tanger.jpg 746w, https:\/\/aujourdhui.ma\/wp-content\/uploads\/2021\/12\/cinema-tanger-165x84.jpg 165w, https:\/\/aujourdhui.ma\/wp-content\/uploads\/2021\/12\/cinema-tanger-702x358.jpg 702w\" sizes=\"auto, (max-width: 300px) 100vw, 300px\"><\/p>\n<p><span style=\"color: #800000;\"><strong>Le projet de la r\u00e9novation de Cin\u00e9Atlas \u00abMauritania\u00bb de Tanger avance \u00e0 grands pas.<\/strong><\/span><span id=\"more-395942\"><\/span><\/p>\n<p>Selon Pierre Fran\u00e7ois Bernet, directeur g\u00e9n\u00e9ral de Cin\u00e9Atlas Holding, l\u2019ouverture est pr\u00e9vue pour le 4\u00e8me trimestre 2022. Et d\u2019ajouter que \u00ables panneaux de chantier ont d\u00e9j\u00e0 \u00e9t\u00e9 mis en place\u00bb. Rappelons que les travaux de r\u00e9novation de ce projet ont d\u00e9marr\u00e9 en janvier 2021. Son co\u00fbt d\u2019investissement (hors acquisition) est de 13,8 millions de dirhams. \u00abD\u00e9ploy\u00e9 sur 3.400 m\u00e8tres carr\u00e9s, il comprend ainsi 5 salles premium et une autre partie inclura un restaurant et un jet bar\u00bb, avait expliqu\u00e9 \u00e0 ALM M. Bernet. En d\u00e9cembre 2020, le cin\u00e9ma historique de la ville du d\u00e9troit avait notamment b\u00e9n\u00e9fici\u00e9 d\u2019une aide de soutien, octroy\u00e9e par le Centre cin\u00e9matographique marocain (CCM) d\u2019une valeur de 2,8 MDH. Notons que le groupe Cin\u00e9Atlas Holding compte \u00e9galement ouvrir pour bient\u00f4t sa structure Cin\u00e9Atlas Corniche El Jadida.<\/p>\n<p><a href=\"https:\/\/linitiative.ca\/International\/wp-content\/uploads\/sites\/23\/2021\/12\/cinema-tanger-1.jpg\"><img loading=\"lazy\" decoding=\"async\" class=\"alignnone size-full wp-image-395948\" src=\"https:\/\/linitiative.ca\/International\/wp-content\/uploads\/sites\/23\/2021\/12\/cinema-tanger-1.jpg\" alt=\"\" width=\"746\" height=\"380\" srcset=\"https:\/\/linitiative.ca\/International\/wp-content\/uploads\/sites\/23\/2021\/12\/cinema-tanger-1.jpg 746w, https:\/\/aujourdhui.ma\/wp-content\/uploads\/2021\/12\/cinema-tanger-1-300x153.jpg 300w, https:\/\/aujourdhui.ma\/wp-content\/uploads\/2021\/12\/cinema-tanger-1-274x140.jpg 274w, https:\/\/aujourdhui.ma\/wp-content\/uploads\/2021\/12\/cinema-tanger-1-165x84.jpg 165w, https:\/\/aujourdhui.ma\/wp-content\/uploads\/2021\/12\/cinema-tanger-1-702x358.jpg 702w\" sizes=\"auto, (max-width: 746px) 100vw, 746px\"><\/a><\/p>\n<p>Situ\u00e9 sur la nouvelle zone commerciale en bord de mer \u00e0 El Jadida, le cin\u00e9ma compte trois salles, une biblioth\u00e8que et un grand jardin. Il a n\u00e9cessit\u00e9, selon la m\u00eame source, un budget d\u2019investissement (hors acquisition) de 9,5 millions de dirhams. \u00abLe site d\u2019El Jadida sera plus moderne. Il est con\u00e7u avec des teintes pastels, des couleurs de la mer pour garder l\u2019esprit jdidi\u00bb, avait annonc\u00e9 M. Bernet. Outre ces projets, le groupe compte d\u2019autres en construction. Il s\u2019agit de \u00abCin\u00e9 Atlas Casa Aeria Park\u00bb. Un projet auquel la commission du CCM a octroy\u00e9 une subvention de 5,7 millions de dirhams. Situ\u00e9 \u00e0 Casa-Anfa, \u00e0 proximit\u00e9 de Casa Finance City, le nouveau cin\u00e9ma Atlas est toujours en cours de travaux.<\/p>\n<p>Pour rappel, le groupe avait r\u00e9-ouvert, en 2017, son premier multiplexe \u00able Cin\u00e9 Atlas Colis\u00e9e \u00e0 Rabat\u00bb. Celui-ci comporte trois salles, avec un total de 338 fauteuils premium avec doubles accoudoirs.<\/p>\n<\/div>\n<p>Auteur: Siham Jadraoui<br \/>\n<a href=\"https:\/\/aujourdhui.ma\/culture\/groupe-cineatlas-mauritania-de-tanger-ouvre-ses-portes-en-2022\">Cliquez ici pour lire l&rsquo;article depuis sa source.<\/a><\/p>\n","protected":false},"excerpt":{"rendered":"<p>Le projet de la r\u00e9novation de Cin\u00e9Atlas \u00abMauritania\u00bb de Tanger avance \u00e0 grands pas. Selon Pierre Fran\u00e7ois Bernet, directeur g\u00e9n\u00e9ral de Cin\u00e9Atlas Holding, l\u2019ouverture est pr\u00e9vue pour le 4\u00e8me trimestre 2022. Et d\u2019ajouter que \u00ables panneaux de chantier ont d\u00e9j\u00e0 \u00e9t\u00e9 mis en place\u00bb. Rappelons que les travaux de r\u00e9novation de ce projet ont d\u00e9marr\u00e9 [&hellip;]<\/p>\n","protected":false},"author":1759,"featured_media":0,"comment_status":"closed","ping_status":"closed","sticky":false,"template":"","format":"standard","meta":{"fifu_image_url":"https:\/\/aujourdhui.ma\/wp-content\/uploads\/2021\/12\/cinema-tanger-300x153.jpg","fifu_image_alt":"Groupe Cin\u00e9Atlas : \u00abMauritania\u00bb de Tanger ouvre ses portes en 2022","footnotes":""},"categories":[73,54],"tags":[],"class_list":["post-136699","post","type-post","status-publish","format-standard","hentry","category-actualite","category-maroc"],"_links":{"self":[{"href":"https:\/\/linitiative.ca\/International\/wp-json\/wp\/v2\/posts\/136699","targetHints":{"allow":["GET"]}}],"collection":[{"href":"https:\/\/linitiative.ca\/International\/wp-json\/wp\/v2\/posts"}],"about":[{"href":"https:\/\/linitiative.ca\/International\/wp-json\/wp\/v2\/types\/post"}],"author":[{"embeddable":true,"href":"https:\/\/linitiative.ca\/International\/wp-json\/wp\/v2\/users\/1759"}],"replies":[{"embeddable":true,"href":"https:\/\/linitiative.ca\/International\/wp-json\/wp\/v2\/comments?post=136699"}],"version-history":[{"count":0,"href":"https:\/\/linitiative.ca\/International\/wp-json\/wp\/v2\/posts\/136699\/revisions"}],"wp:attachment":[{"href":"https:\/\/linitiative.ca\/International\/wp-json\/wp\/v2\/media?parent=136699"}],"wp:term":[{"taxonomy":"category","embeddable":true,"href":"https:\/\/linitiative.ca\/International\/wp-json\/wp\/v2\/categories?post=136699"},{"taxonomy":"post_tag","embeddable":true,"href":"https:\/\/linitiative.ca\/International\/wp-json\/wp\/v2\/tags?post=136699"}],"curies":[{"name":"wp","href":"https:\/\/api.w.org\/{rel}","templated":true}]}}