{"id":136702,"date":"2021-12-24T09:45:11","date_gmt":"2021-12-24T14:45:11","guid":{"rendered":"https:\/\/linitiative.ca\/International\/900-dossiers-traites-jusquen-decembre-2021-pour-une-enveloppe-de-140-mdh\/"},"modified":"2021-12-24T09:45:11","modified_gmt":"2021-12-24T14:45:11","slug":"900-dossiers-traites-jusquen-decembre-2021-pour-une-enveloppe-de-140-mdh","status":"publish","type":"post","link":"https:\/\/linitiative.ca\/International\/900-dossiers-traites-jusquen-decembre-2021-pour-une-enveloppe-de-140-mdh\/","title":{"rendered":"900 dossiers trait\u00e9s jusqu\u2019en d\u00e9cembre 2021 pour une enveloppe de 140 MDH"},"content":{"rendered":"<div>\n<p><img loading=\"lazy\" decoding=\"async\" width=\"300\" height=\"153\" src=\"https:\/\/linitiative.ca\/International\/wp-content\/uploads\/sites\/23\/2021\/12\/poid-lourd-300x153-1.jpg\" class=\"attachment-medium size-medium wp-post-image\" alt=\"\" srcset=\"https:\/\/linitiative.ca\/International\/wp-content\/uploads\/sites\/23\/2021\/12\/poid-lourd-300x153-1.jpg 300w, https:\/\/aujourdhui.ma\/wp-content\/uploads\/2021\/12\/poid-lourd-274x140.jpg 274w, https:\/\/aujourdhui.ma\/wp-content\/uploads\/2021\/12\/poid-lourd.jpg 746w, https:\/\/aujourdhui.ma\/wp-content\/uploads\/2021\/12\/poid-lourd-165x84.jpg 165w, https:\/\/aujourdhui.ma\/wp-content\/uploads\/2021\/12\/poid-lourd-702x358.jpg 702w\" sizes=\"auto, (max-width: 300px) 100vw, 300px\"><\/p>\n<p><span style=\"color: #800000; font-size: 19px;\"><strong>Renouvellement du parc des poids lourds<\/strong><\/span><span id=\"more-395974\"><\/span><\/p>\n<p>Le renouvellement du parc des v\u00e9hicules, la qualification des ressources humaines et la protection sociale des travailleurs du transport routier figurent parmi les principaux dossiers sur lesquels se focalise actuellement le minist\u00e8re du transport et de la logistique. Lors de son passage mercredi au Parlement, le ministre Mohamed Abdeljalil a signal\u00e9 que le minist\u00e8re s\u2019est pench\u00e9 dans une premi\u00e8re \u00e9tape sur le renouvellement du parc des v\u00e9hicules v\u00e9tustes du transport routier en accordant des primes au profit des b\u00e9n\u00e9ficiaires, destin\u00e9es au renouvellement ou \u00e0 la casse des v\u00e9hicules \u00e2g\u00e9s de plus de 20 ans. Le minist\u00e8re a proc\u00e9d\u00e9 \u00e0 l\u2019\u00e9largissement de ce programme aux v\u00e9hicules de plus de 15 ans et de moins de 20 ans, ainsi qu\u2019\u00e0 l\u2019augmentation de la valeur des primes et la prolongation du programme jusqu\u2019en 2023. Pour davantage de flexibilit\u00e9 et d\u2019efficacit\u00e9, le programme a \u00e9t\u00e9 confi\u00e9 \u00e0 l\u2019Agence nationale de s\u00e9curit\u00e9 routi\u00e8re (NARSA). A ce sujet, le ministre a indiqu\u00e9 que jusqu\u2019en d\u00e9cembre 2021, la Narsa a trait\u00e9 pr\u00e8s de 900 dossiers pour une enveloppe de 140 millions DH.<\/p>\n<p>Au sujet de la qualification des conducteurs, le ministre a pr\u00e9cis\u00e9 que pr\u00e8s de 18.000 conducteurs professionnels ont b\u00e9n\u00e9fici\u00e9 de formation jusqu\u2019en novembre 2021, avec une enveloppe de plus de 30 MDH. Rappelons \u00e0 ce sujet que le minist\u00e8re prend en charge les frais de formation dans le cadre de conventions avec l\u2019Office de la formation professionnelle et de la promotion du travail (OFPPT) et des \u00e9tablissements priv\u00e9s de formation. Concernant l\u2019am\u00e9lioration des conditions sociales des travailleurs du secteur, et dans le cadre de la mise en oeuvre des dispositions relatives \u00e0 la mise en application de la couverture sociale et sanitaire pour la cat\u00e9gorie des professionnels non-salari\u00e9s travaillant dans le secteur du transport routier de voyageurs et de marchandises, le ministre a fait savoir que des tourn\u00e9es de concertation se tiendront prochainement. Il est aussi question d\u2019acc\u00e9l\u00e9rer l\u2019\u00e9laboration des textes l\u00e9gislatifs n\u00e9cessaires pour permettre \u00e0 cette cat\u00e9gorie de b\u00e9n\u00e9ficier des services de sant\u00e9 et sociaux dans les plus brefs d\u00e9lais.<\/p>\n<p>Par ailleurs, le ministre a pass\u00e9 en revue les mesures qui ont \u00e9t\u00e9 prises pour att\u00e9nuer les effets de la crise sanitaire sur les professionnels du secteur des transports et la pr\u00e9paration pour la phase de post-confinement. Il a mis l\u2019accent sur la poursuite de la mise en oeuvre du programme de renouvellement du parc de v\u00e9hicules au cours de l\u2019ann\u00e9e 2021, et la contribution \u00e0 la d\u00e9finition d\u2019une cat\u00e9gorie de travailleurs du secteur du transport assur\u00e9e aupr\u00e8s de la Caisse nationale de s\u00e9curit\u00e9 sociale (CNSS) afin de b\u00e9n\u00e9ficier de l\u2019indemnit\u00e9 d\u2019arr\u00eat de travail dans le cadre du Fonds sp\u00e9cial d\u00e9di\u00e9 \u00e0 la gestion de la pand\u00e9mie du coronavirus, ainsi que la mobilisation et le renforcement des ressources humaines et l\u2019accompagnement des professionnels durant la p\u00e9riode de pand\u00e9mie. M. Abdeljalil a aussi fait savoir qu\u2019un contrat programme a \u00e9t\u00e9 sign\u00e9 pour soutenir et contribuer \u00e0 la relance du secteur du tourisme, qui concerne entre autres des soci\u00e9t\u00e9s de transport touristique et des agences de location de voitures.<\/p>\n<div class=\"base-box mom_box_sc_custom mom_box_sc clear\" style=\"-moz-border-radius: 5px; border-radius: 5px;background-color:#fdd8c6;\">\n<p><span style=\"color: #800000;\"><strong>Transport des voyageurs : Une prime allant jusqu\u2019\u00e0 550.000 DH<\/strong><\/span><\/p>\n<p>Le programme de renouvellement du parc des v\u00e9hicules de transport routier a d\u00e9marr\u00e9 en f\u00e9vrier 2019. S\u2019agissant du transport des voyageurs, le montant de l\u2019aide au renouvellement et de la prime \u00e0 la casse varie selon l\u2019\u00e2ge du v\u00e9hicule et le nombre de places autoris\u00e9es pour les v\u00e9hicules affect\u00e9s au transport public en commun des voyageurs. Le montant de la prime de renouvellement est de 190.000 DH pour un v\u00e9hicule dont l\u2019\u00e2ge est sup\u00e9rieur \u00e0 15 ans et inf\u00e9rieur \u00e0 20 ans et dont le nombre de places autoris\u00e9es est sup\u00e9rieur \u00e0 9 et inf\u00e9rieur ou \u00e9gal \u00e0 15 places. Le montant est de 170.000 DH pour un v\u00e9hicule \u00e2g\u00e9 de 20 ans ou plus. Pour les v\u00e9hicules dont le nombre de places est sup\u00e9rieur ou \u00e9gal \u00e0 25 places et \u00e2g\u00e9s de moins de 20 ans, la prime a \u00e9t\u00e9 fix\u00e9e \u00e0 310.000 DH. Celle-ci passe \u00e0 280.000 DH pour les v\u00e9hicules \u00e2g\u00e9s de 20 ans et plus.<\/p>\n<p>Ce montant peut aller jusqu\u2019\u00e0 550.000 DH pour ceux qui comptent plus de 40 si\u00e8ges (v\u00e9hicules \u00e2g\u00e9s entre 15 et 20 ans). Pour le transport en commun dans le rural, la prime est fix\u00e9e \u00e0 180.000 DH pour les v\u00e9hicules dont l\u2019\u00e2ge est compris entre 15 et 20 ans et 160.000 DH au-del\u00e0 de 20 ans. Pour b\u00e9n\u00e9ficier de la prime de renouvellement, l\u2019entreprise doit remettre le v\u00e9hicule \u00e0 l\u2019administration pour sa d\u00e9molition et son retrait d\u00e9finitif de la circulation. Pour sa part, la prime \u00e0 la casse peut \u00eatre accord\u00e9e chaque ann\u00e9e aux entreprises dans la limite de 3 v\u00e9hicules. Son montant est de 80.000 DH pour les capacit\u00e9s de 9 \u00e0 15 si\u00e8ges et peut atteindre 300.000 DH pour les 40 si\u00e8ges et plus. A noter que le montant de la prime \u00e0 la casse pour les v\u00e9hicules de transport en commun dans le rural a \u00e9t\u00e9 fix\u00e9 \u00e0 80.000 DH. Pour b\u00e9n\u00e9ficier de la prime \u00e0 la casse, l\u2019entreprise doit remettre son v\u00e9hicule \u00e0 l\u2019administration et s\u2019engager \u00e0 ne pas acheter un v\u00e9hicule de plus de dix ans au cours des trois ann\u00e9es suivantes.<\/p>\n<\/div>\n<\/div>\n<p>Auteur: ALM<br \/>\n<a href=\"https:\/\/aujourdhui.ma\/societe\/900-dossiers-traites-jusquen-decembre-2021-pour-une-enveloppe-de-140-mdh\">Cliquez ici pour lire l&rsquo;article depuis sa source.<\/a><\/p>\n","protected":false},"excerpt":{"rendered":"<p>Renouvellement du parc des poids lourds Le renouvellement du parc des v\u00e9hicules, la qualification des ressources humaines et la protection sociale des travailleurs du transport routier figurent parmi les principaux dossiers sur lesquels se focalise actuellement le minist\u00e8re du transport et de la logistique. Lors de son passage mercredi au Parlement, le ministre Mohamed Abdeljalil [&hellip;]<\/p>\n","protected":false},"author":1759,"featured_media":0,"comment_status":"closed","ping_status":"closed","sticky":false,"template":"","format":"standard","meta":{"fifu_image_url":"https:\/\/aujourdhui.ma\/wp-content\/uploads\/2021\/12\/poid-lourd-300x153.jpg","fifu_image_alt":"900 dossiers trait\u00e9s jusqu\u2019en d\u00e9cembre 2021 pour une enveloppe de 140 MDH","footnotes":""},"categories":[73,54],"tags":[],"class_list":["post-136702","post","type-post","status-publish","format-standard","hentry","category-actualite","category-maroc"],"_links":{"self":[{"href":"https:\/\/linitiative.ca\/International\/wp-json\/wp\/v2\/posts\/136702","targetHints":{"allow":["GET"]}}],"collection":[{"href":"https:\/\/linitiative.ca\/International\/wp-json\/wp\/v2\/posts"}],"about":[{"href":"https:\/\/linitiative.ca\/International\/wp-json\/wp\/v2\/types\/post"}],"author":[{"embeddable":true,"href":"https:\/\/linitiative.ca\/International\/wp-json\/wp\/v2\/users\/1759"}],"replies":[{"embeddable":true,"href":"https:\/\/linitiative.ca\/International\/wp-json\/wp\/v2\/comments?post=136702"}],"version-history":[{"count":0,"href":"https:\/\/linitiative.ca\/International\/wp-json\/wp\/v2\/posts\/136702\/revisions"}],"wp:attachment":[{"href":"https:\/\/linitiative.ca\/International\/wp-json\/wp\/v2\/media?parent=136702"}],"wp:term":[{"taxonomy":"category","embeddable":true,"href":"https:\/\/linitiative.ca\/International\/wp-json\/wp\/v2\/categories?post=136702"},{"taxonomy":"post_tag","embeddable":true,"href":"https:\/\/linitiative.ca\/International\/wp-json\/wp\/v2\/tags?post=136702"}],"curies":[{"name":"wp","href":"https:\/\/api.w.org\/{rel}","templated":true}]}}