{"id":136718,"date":"2021-12-23T13:00:00","date_gmt":"2021-12-23T18:00:00","guid":{"rendered":"https:\/\/linitiative.ca\/International\/le-gpps-appelle-le-gouvernement-a-reconnaitre-le-nouvel-an-amazigh\/"},"modified":"2021-12-23T13:00:00","modified_gmt":"2021-12-23T18:00:00","slug":"le-gpps-appelle-le-gouvernement-a-reconnaitre-le-nouvel-an-amazigh","status":"publish","type":"post","link":"https:\/\/linitiative.ca\/International\/le-gpps-appelle-le-gouvernement-a-reconnaitre-le-nouvel-an-amazigh\/","title":{"rendered":"Le GPPS  appelle le gouvernement \u00e0 reconna\u00eetre le nouvel an amazigh"},"content":{"rendered":"<div>\n<p class=\"has-text-align-center has-vivid-cyan-blue-color has-text-color\"><strong>Khadija Arouhal adresse une question \u00e9crite au chef du gouvernement<\/strong><\/p>\n<p class=\"has-text-align-right has-black-color has-text-color\"><strong>Mohamed Nait Youssef<\/strong><\/p>\n<p class=\"has-black-color has-text-color\"><strong>Khadija Arouhal, d\u00e9put\u00e9e du Groupe du Progr\u00e8s et du Socialisme (GPPS), a adress\u00e9 une question \u00e9crite au chef du gouvernement sur les mesures qui seront prises afin de reconna\u00eetre le nouvel an\u00a0 amazigh comme f\u00eate nationale et jour f\u00e9ri\u00e9\u00a0 ch\u00f4m\u00e9 et pay\u00e9.<\/strong><\/p>\n<p class=\"has-black-color has-text-color\">\u00abLe peuple marocain aspire le d\u00e9but du mois de janvier de chaque ann\u00e9e \u00e0 la reconnaissance du nouvel an amazigh en tant que f\u00eate nationale et jour f\u00e9ri\u00e9 ch\u00f4m\u00e9 et pay\u00e9. \u00bb, peut on lire dans la question \u00e9crite. Selon la d\u00e9put\u00e9e du GPPS, cette recommandation est d\u00e9sormais l\u00e9gitime notamment apr\u00e8s la reconnaissance constitutionnelle de l\u2019amazigh comme l\u2019une\u00a0 des composantes de l\u2019identit\u00e9 marocaine. Sans oublier l\u2019approbation de la loi organique n\u00b026.16 d\u00e9finissant le processus de mise en \u0153uvre du caract\u00e8re officiel de l\u2019amazigh, ainsi que les modalit\u00e9s de son int\u00e9gration dans l\u2019enseignement et dans les domaines prioritaires de la vie publique.<\/p>\n<p class=\"has-black-color has-text-color\">Arouhal n\u2019a pas manqu\u00e9 de pointer du doigt, dans sa question \u00e9crite, la n\u00e9cessit\u00e9 de r\u00e9agir positivement, avec beaucoup de s\u00e9rieux et sur des bases nationales, avec la reconnaissance du nouvel an amazigh comme f\u00eate nationale et jour f\u00e9ri\u00e9 officiel ch\u00f4m\u00e9 et pay\u00e9, loin de tout usage politique et id\u00e9ologique tout en respectant l\u2019identit\u00e9 marocaine, ainsi que la protection du patrimoine culturel amazigh et la promotion et la valorisation\u00a0de sa culture et ses traditions enracin\u00e9es dans l\u2019histoire. \u00a0<\/p>\n<p>L\u2019article <a rel=\"nofollow\" href=\"http:\/\/albayane.press.ma\/le-gpps-appelle-le-gouvernement-a-reconnaitre-le-nouvel-an-amazigh.html\">Le GPPS  appelle le gouvernement \u00e0 reconna\u00eetre le nouvel an amazigh<\/a> est apparu en premier sur <a rel=\"nofollow\" href=\"http:\/\/albayane.press.ma\/\">ALBAYANE<\/a>.<\/p>\n<\/div>\n<p>Auteur: M&rsquo;hammed rahal<br \/>\n<a href=\"http:\/\/albayane.press.ma\/le-gpps-appelle-le-gouvernement-a-reconnaitre-le-nouvel-an-amazigh.html\">Cliquez ici pour lire l&rsquo;article depuis sa source.<\/a><\/p>\n","protected":false},"excerpt":{"rendered":"<p>Khadija Arouhal adresse une question \u00e9crite au chef du gouvernement Mohamed Nait Youssef Khadija Arouhal, d\u00e9put\u00e9e du Groupe du Progr\u00e8s et du Socialisme (GPPS), a adress\u00e9 une question \u00e9crite au chef du gouvernement sur les mesures qui seront prises afin de reconna\u00eetre le nouvel an\u00a0 amazigh comme f\u00eate nationale et jour f\u00e9ri\u00e9\u00a0 ch\u00f4m\u00e9 et pay\u00e9. [&hellip;]<\/p>\n","protected":false},"author":1760,"featured_media":0,"comment_status":"closed","ping_status":"closed","sticky":false,"template":"","format":"standard","meta":{"fifu_image_url":"","fifu_image_alt":"","footnotes":""},"categories":[73,54],"tags":[],"class_list":["post-136718","post","type-post","status-publish","format-standard","hentry","category-actualite","category-maroc"],"_links":{"self":[{"href":"https:\/\/linitiative.ca\/International\/wp-json\/wp\/v2\/posts\/136718","targetHints":{"allow":["GET"]}}],"collection":[{"href":"https:\/\/linitiative.ca\/International\/wp-json\/wp\/v2\/posts"}],"about":[{"href":"https:\/\/linitiative.ca\/International\/wp-json\/wp\/v2\/types\/post"}],"author":[{"embeddable":true,"href":"https:\/\/linitiative.ca\/International\/wp-json\/wp\/v2\/users\/1760"}],"replies":[{"embeddable":true,"href":"https:\/\/linitiative.ca\/International\/wp-json\/wp\/v2\/comments?post=136718"}],"version-history":[{"count":0,"href":"https:\/\/linitiative.ca\/International\/wp-json\/wp\/v2\/posts\/136718\/revisions"}],"wp:attachment":[{"href":"https:\/\/linitiative.ca\/International\/wp-json\/wp\/v2\/media?parent=136718"}],"wp:term":[{"taxonomy":"category","embeddable":true,"href":"https:\/\/linitiative.ca\/International\/wp-json\/wp\/v2\/categories?post=136718"},{"taxonomy":"post_tag","embeddable":true,"href":"https:\/\/linitiative.ca\/International\/wp-json\/wp\/v2\/tags?post=136718"}],"curies":[{"name":"wp","href":"https:\/\/api.w.org\/{rel}","templated":true}]}}