{"id":136732,"date":"2021-12-24T14:01:09","date_gmt":"2021-12-24T19:01:09","guid":{"rendered":"https:\/\/linitiative.ca\/International\/lagence-du-bassin-hydraulique-de-tensift-tient-son-ca-au-titre-de-2021\/"},"modified":"2021-12-24T14:01:09","modified_gmt":"2021-12-24T19:01:09","slug":"lagence-du-bassin-hydraulique-de-tensift-tient-son-ca-au-titre-de-2021","status":"publish","type":"post","link":"https:\/\/linitiative.ca\/International\/lagence-du-bassin-hydraulique-de-tensift-tient-son-ca-au-titre-de-2021\/","title":{"rendered":"L\u2019Agence du Bassin Hydraulique de Tensift tient son CA au titre de 2021"},"content":{"rendered":"<div>\n<div style=\"margin-bottom:20px;\"><img loading=\"lazy\" decoding=\"async\" width=\"750\" height=\"430\" src=\"https:\/\/linitiative.ca\/International\/wp-content\/uploads\/sites\/23\/2021\/12\/ABHT-copier.jpg\" class=\"attachment-post-thumbnail size-post-thumbnail wp-post-image\" alt=\"\" srcset=\"https:\/\/linitiative.ca\/International\/wp-content\/uploads\/sites\/23\/2021\/12\/ABHT-copier.jpg 750w, https:\/\/www.mapmarrakech.ma\/map\/uploads\/2021\/12\/ABHT-copier-300x172.jpg 300w\" sizes=\"auto, (max-width: 750px) 100vw, 750px\"><\/div>\n<p>Ce Conseil d\u2019Administration auquel ont pris part \u00e9galement, le Wali de la r\u00e9gion Marrakech-Safi, gouverneur de la pr\u00e9fecture de Marrakech, M. Karim Kassi-Lahlou et le pr\u00e9sident du Conseil de la R\u00e9gion Marrakech-Safi, M. Samir Goudar, a \u00e9t\u00e9 consacr\u00e9 \u00e0 la pr\u00e9sentation du bilan des r\u00e9alisations de l\u2019ABHT au titre de 2020, ainsi que de la situation hydrologique dans la r\u00e9gion au titre de 2020-2021.<\/p>\n<p>Figuraient \u00e9galement \u00e0 l\u2019ordre du jour de cette r\u00e9union de travail, l\u2019examen et \u00e0 l\u2019approbation du budget de ladite Agence au titre de 2020 et de 2021, ainsi que son plan d\u2019action pour l\u2019ann\u00e9e 2022.<\/p>\n<p>Intervenant \u00e0 cette occasion, M. Baraka a mis en relief l\u2019importance de la gestion int\u00e9gr\u00e9e et participative des ressources hydriques au niveau du bassin hydraulique de Tensift, se f\u00e9licitant, dans ce sens, de la conclusion d\u2019une convention de partenariat relative au financement et \u00e0 l\u2019ex\u00e9cution de mesures urgentes et structurelles, pour un co\u00fbt de 522 millions de DH en vue de garantir l\u2019approvisionnement en eau potable pour la r\u00e9gion Marrakech-Safi.<\/p>\n<p>Dans ce contexte, le ministre a relev\u00e9 que son D\u00e9partement veillera \u00e0 la mise en \u0153uvre des dispositions de cette convention, \u00e0 travers l\u2019acc\u00e9l\u00e9ration de la cadence des travaux de r\u00e9alisation des barrages Ait Ziat (province d\u2019Al Haouz) et de Boulaouane (province de Chichaoua), la programmation de r\u00e9alisation du barrage Bouaadil sur Oued Tensift, ainsi que la poursuite des efforts dans le domaine de la prospection de la nappe phr\u00e9atique pour la mobilisation de ressources hydriques suppl\u00e9mentaires en vue de r\u00e9pondre aux besoins croissants en cette denr\u00e9e vitale.<\/p>\n<p>Il s\u2019agit de m\u00eame de fournir un appui financier et technique \u00e0 l\u2019ABHT pour la r\u00e9alisation d\u2019op\u00e9rations urgentes et conjoncturelles visant \u00e0 fournir l\u2019eau potable au niveau de ce Bassin, outre la poursuite de la g\u00e9n\u00e9ralisation de l\u2019utilisation des eaux us\u00e9es trait\u00e9es pour l\u2019irrigation des parcours golfiques et des espaces verts de la cit\u00e9 ocre, sachant que la m\u00eame mesure a \u00e9t\u00e9 programm\u00e9e au niveau de la ville d\u2019Essaouira, a-t-il fait savoir.<\/p>\n<p>Dans la foul\u00e9e, M. Baraka a mis en exergue les grandes r\u00e9alisations accomplies par le Maroc dans le domaine de l\u2019eau, qui ont permis au Royaume d\u2019acqu\u00e9rir une exp\u00e9rience singuli\u00e8re gr\u00e2ce \u00e0 la politique \u00e9clair\u00e9e de Sa Majest\u00e9 le Roi Mohammed VI, qui s\u2019ins\u00e8re dans la continuit\u00e9 de la politique hydrique proactive lanc\u00e9e par Feu SM Hassan II. Ces politiques clairvoyantes ont permis \u00e0 notre pays une gestion durable de ses ressources en eau et ce, en d\u00e9pit de certains d\u00e9fis \u00e0 relever notamment, dans certaines r\u00e9gions, a expliqu\u00e9 M. Baraka.*<\/p>\n<p>Par la m\u00eame occasion, Il a mis en avant les r\u00e9alisations accomplies durant l\u2019ann\u00e9e derni\u00e8re au niveau du Bassin hydraulique de Tensift, notamment dans le cadre de la mise en \u0153uvre des dispositions du Programme National pour l\u2019Approvisionnement en Eau Potable et l\u2019Irrigation 2020-2027.<\/p>\n<p>\u00ab\u00a0Ces r\u00e9alisations concernent essentiellement le lancement des travaux de r\u00e9alisation du barrage Ait Ziat dans la province d\u2019Al Haouz, avec une capacit\u00e9 de 185 millions m3, un projet qui permettra d\u2019assurer l\u2019approvisionnement en eau potable de la Cit\u00e9 ocre, ainsi qu\u2019en eau d\u2019irrigation pour la r\u00e9gion, le lancement des travaux de r\u00e9alisation du barrage de Boulaouane dans la province de Chichaoua, avec une capacit\u00e9 de 66 millions m3, le lancement de l\u2019exploitation du canal du transfert d\u2019eau \u00e0 partir du barrage Al-Massira en vue du renforcement des ressources mobilis\u00e9es au profit de la ville de Marrakech et les centres avoisinants le canal situ\u00e9 dans le territoire de la province de Rehamna\u00a0\u00bb, a pr\u00e9cis\u00e9 le ministre.<\/p>\n<p>M.Baraka n\u2019a pas manqu\u00e9 \u00e9galement de louer les efforts consentis par le gouvernement et qui ont permis la r\u00e9alisation des infrastructures de base au niveau de cette partie du territoire national, \u00e0 m\u00eame de garantir l\u2019approvisionnement en eau potable, ainsi qu\u2019en eau destin\u00e9e aux secteurs de l\u2019industrie, de l\u2019agriculture et du tourisme, relevant que ces efforts ont permis de r\u00e9aliser 07 grands barrages d\u2019une capacit\u00e9 de 234 millions de m3.<\/p>\n<p>Par ailleurs, le ministre a mis l\u2019accent sur les conditions climatiques difficiles que connait la r\u00e9gion durant cette ann\u00e9e marqu\u00e9e par une p\u00e9nurie des pr\u00e9cipitations, ce qui a impact\u00e9 les retenus au niveau des barrages relevant de ce Bassin, indiquant que la r\u00e9gion a enregistr\u00e9 un d\u00e9ficit pluviom\u00e9trique de 90% en comparaison avec le taux annuel, poussant le Comit\u00e9 de vigilance \u00e0 mettre en place un plan d\u2019action urgent pour surmonter cette conjoncture difficile.<\/p>\n<p>Ce plan d\u2019action, a-t-il poursuivi, se base sur la rationalisation de la demande en eau, \u00e0 travers la sensibilisation des grands consommateurs, ainsi que sur la r\u00e9glementation provisoire de certaines activit\u00e9s consommatrices d\u2019eau dans le p\u00e9rim\u00e8tre urbain, a-t-il ajout\u00e9.<\/p>\n<p>Lors de ce Conseil d\u2019Administration, il a \u00e9t\u00e9 proc\u00e9d\u00e9 \u00e0 l\u2019approbation de quatre Conventions dont, la premi\u00e8re est relative \u00e0 la r\u00e9alisation de projets de prospection des eaux souterraines dans le cadre du Programme National pour l\u2019Approvisionnement en Eau Potable et l\u2019Irrigation 2020-2027.<\/p>\n<p>S\u2019agissant de la seconde convention, elle concerne le soutien de l\u2019ABHT dans le domaine de l\u2019observation m\u00e9t\u00e9orologique, par la Direction G\u00e9n\u00e9rale de la M\u00e9t\u00e9orologie.<\/p>\n<p>La troisi\u00e8me convention se rapporte, quant \u00e0 elle, au renforcement de la route \u00e0 destination du barrage Yacoub El Mansour (province d\u2019Al Haouz), tandis que la quatri\u00e8me convention est relative \u00e0 la r\u00e9alisation du projet de protection contre les inondations du Douar Lalla Ariba (province de Chichaoua).<\/p>\n<p>The post <a rel=\"nofollow\" href=\"https:\/\/www.mapmarrakech.ma\/fr\/lagence-du-bassin-hydraulique-de-tensift-tient-son-ca-au-titre-de-2021\/\">L\u2019Agence du Bassin Hydraulique de Tensift tient son CA au titre de 2021<\/a> appeared first on <a rel=\"nofollow\" href=\"https:\/\/www.mapmarrakech.ma\/fr\">MapMarrakech<\/a>.<\/p>\n<\/div>\n<p>Auteur: Meriem IGASS<br \/>\n<a href=\"https:\/\/www.mapmarrakech.ma\/fr\/lagence-du-bassin-hydraulique-de-tensift-tient-son-ca-au-titre-de-2021\/\">Cliquez ici pour lire l&rsquo;article depuis sa source.<\/a><\/p>\n","protected":false},"excerpt":{"rendered":"<p>Ce Conseil d\u2019Administration auquel ont pris part \u00e9galement, le Wali de la r\u00e9gion Marrakech-Safi, gouverneur de la pr\u00e9fecture de Marrakech, M. Karim Kassi-Lahlou et le pr\u00e9sident du Conseil de la R\u00e9gion Marrakech-Safi, M. Samir Goudar, a \u00e9t\u00e9 consacr\u00e9 \u00e0 la pr\u00e9sentation du bilan des r\u00e9alisations de l\u2019ABHT au titre de 2020, ainsi que de la [&hellip;]<\/p>\n","protected":false},"author":1788,"featured_media":0,"comment_status":"closed","ping_status":"closed","sticky":false,"template":"","format":"standard","meta":{"fifu_image_url":"https:\/\/www.mapmarrakech.ma\/map\/uploads\/2021\/12\/ABHT-copier.jpg","fifu_image_alt":"L\u2019Agence du Bassin Hydraulique de Tensift tient son CA au titre de 2021","footnotes":""},"categories":[54,76],"tags":[],"class_list":["post-136732","post","type-post","status-publish","format-standard","hentry","category-maroc","category-regions"],"_links":{"self":[{"href":"https:\/\/linitiative.ca\/International\/wp-json\/wp\/v2\/posts\/136732","targetHints":{"allow":["GET"]}}],"collection":[{"href":"https:\/\/linitiative.ca\/International\/wp-json\/wp\/v2\/posts"}],"about":[{"href":"https:\/\/linitiative.ca\/International\/wp-json\/wp\/v2\/types\/post"}],"author":[{"embeddable":true,"href":"https:\/\/linitiative.ca\/International\/wp-json\/wp\/v2\/users\/1788"}],"replies":[{"embeddable":true,"href":"https:\/\/linitiative.ca\/International\/wp-json\/wp\/v2\/comments?post=136732"}],"version-history":[{"count":0,"href":"https:\/\/linitiative.ca\/International\/wp-json\/wp\/v2\/posts\/136732\/revisions"}],"wp:attachment":[{"href":"https:\/\/linitiative.ca\/International\/wp-json\/wp\/v2\/media?parent=136732"}],"wp:term":[{"taxonomy":"category","embeddable":true,"href":"https:\/\/linitiative.ca\/International\/wp-json\/wp\/v2\/categories?post=136732"},{"taxonomy":"post_tag","embeddable":true,"href":"https:\/\/linitiative.ca\/International\/wp-json\/wp\/v2\/tags?post=136732"}],"curies":[{"name":"wp","href":"https:\/\/api.w.org\/{rel}","templated":true}]}}