{"id":136736,"date":"2021-12-23T16:10:29","date_gmt":"2021-12-23T21:10:29","guid":{"rendered":"https:\/\/linitiative.ca\/International\/le-grenadier-lautre-atout-de-larboriculture-de-berkane\/"},"modified":"2021-12-23T16:10:29","modified_gmt":"2021-12-23T21:10:29","slug":"le-grenadier-lautre-atout-de-larboriculture-de-berkane","status":"publish","type":"post","link":"https:\/\/linitiative.ca\/International\/le-grenadier-lautre-atout-de-larboriculture-de-berkane\/","title":{"rendered":"Le grenadier, l\u2019autre atout de l\u2019arboriculture de Berkane"},"content":{"rendered":"<div>\n<div style=\"margin-bottom:20px;\"><img loading=\"lazy\" decoding=\"async\" width=\"750\" height=\"430\" src=\"https:\/\/linitiative.ca\/International\/wp-content\/uploads\/sites\/23\/2021\/12\/rC3A9colte-de-grenadier-750C397430-MAP.jpg\" class=\"attachment-post-thumbnail size-post-thumbnail wp-post-image\" alt=\"\" srcset=\"https:\/\/linitiative.ca\/International\/wp-content\/uploads\/sites\/23\/2021\/12\/rC3A9colte-de-grenadier-750C397430-MAP.jpg 750w, https:\/\/www.mapoujda.ma\/map\/uploads\/2021\/12\/r\u00e9colte-de-grenadier-750\u00d7430-MAP-300x172.jpg 300w\" sizes=\"auto, (max-width: 750px) 100vw, 750px\"><\/div>\n<p style=\"text-align: justify;\">Plus connue pour ses agrumes, la province de Berkane compte aussi d\u2019autres atouts arboricoles, dont le grenadier, aux fruits particuli\u00e8rement appr\u00e9ci\u00e9s pour leur qualit\u00e9 gustative et leur valeur nutritive.<\/p>\n<p style=\"text-align: justify;\">Cette culture conna\u00eet un d\u00e9veloppement significatif au niveau de la r\u00e9gion de l\u2019Oriental, particuli\u00e8rement dans la province de Berkane, gr\u00e2ce \u00e0 l\u2019int\u00e9r\u00eat port\u00e9 par les agriculteurs et le soutien de l\u2019Etat \u00e0 cette fili\u00e8re prometteuse.<\/p>\n<p style=\"text-align: justify;\">La culture du grenadier s\u00e9duit aussi parce qu\u2019il s\u2019agit d\u2019un arbre fruitier peu exigeant, qui s\u2019accommode de la plupart des conditions climatiques et des types de sol, et ses besoins en eau restent tr\u00e8s raisonnables.<\/p>\n<p style=\"text-align: justify;\">Aujourd\u2019hui, ce secteur couvre une superficie de pr\u00e8s de 2.400 ha dans la r\u00e9gion de l\u2019Oriental, dont une part de 74 pc concentr\u00e9e au niveau du p\u00e9rim\u00e8tre relevant de l\u2019Office r\u00e9gional de mise en valeur agricole de la Moulouya (ORMVAM) et 61 pc dans la province de Berkane.<\/p>\n<p style=\"text-align: justify;\">En effet, les terres fertiles de cette province offrent des conditions id\u00e9ales pour cette culture, qui contribue au d\u00e9veloppement socio-\u00e9conomique en g\u00e9n\u00e9rant 142.000 journ\u00e9es de travail par an au niveau de la r\u00e9gion de l\u2019Oriental.<\/p>\n<p style=\"text-align: justify;\">La cha\u00eene d\u2019information en continu de la MAP \u00abM24\u00bb s\u2019est rendue dans des exploitations de grenadiers au niveau de la commune de Boughriba, dans la province de Berkane, et a pu constater l\u2019essor de cette culture, qui a b\u00e9n\u00e9fici\u00e9 des aides de l\u2019\u00c9tat, portant notamment sur l\u2019\u00e9largissement des plantations et la reconversion du syst\u00e8me d\u2019irrigation au goutte-\u00e0-goutte.<\/p>\n<p style=\"text-align: justify;\">Ainsi, les producteurs de grenades de la r\u00e9gion ont re\u00e7u une aide \u00e0 la plantation d\u2019un montant global de plus de 3 millions de dirhams (MDH), dont 1,7 MDH destin\u00e9 aux agriculteurs de la zone d\u2019intervention de l\u2019ORMVAM.<\/p>\n<p style=\"text-align: justify;\">Zineb A\u00eft Hamida, ing\u00e9nieure \u00e0 l\u2019ORMVAM, a indiqu\u00e9, dans une d\u00e9claration \u00e0 M24, qu\u2019environ 40 pc de la superficie cultiv\u00e9e en grenadiers est d\u00e9sormais \u00e9quip\u00e9e en syst\u00e8me de goutte-\u00e0-goutte.<\/p>\n<p style=\"text-align: justify;\">L\u2019utilisation de ce mode d\u2019irrigation a permis de d\u00e9velopper la production en quantit\u00e9 et en qualit\u00e9, avec un volume de production attendu de quelque 23.000 t cette ann\u00e9e, a-t-elle soulign\u00e9.<\/p>\n<p style=\"text-align: justify;\">Ce chiffre signifie un rendement moyen de pr\u00e8s de 14 t\/ha, avec toutefois une grande diff\u00e9rence entre les zones irrigu\u00e9es, au rendement tr\u00e8s \u00e9lev\u00e9, et les zones bours, a pr\u00e9cis\u00e9 Mme A\u00eft Hamida.<\/p>\n<p style=\"text-align: justify;\">Ce fruit suscite aussi l\u2019int\u00e9r\u00eat des agriculteurs compte tenu des perspectives importantes \u00e0 l\u2019export, en particulier pour la variante locale. La quantit\u00e9 export\u00e9e au titre de la saison 2020-2021 a d\u00e9pass\u00e9 les 910 tonnes.<\/p>\n<p style=\"text-align: justify;\">A noter que le grenadier se caract\u00e9rise par ses faibles exigences, et fait partie des arbres fruitiers les plus r\u00e9sistants \u00e0 la s\u00e9cheresse, ce qui en fait une culture adapt\u00e9e aux zones chaudes et temp\u00e9r\u00e9es. Il a aussi besoin d\u2019un hiver plut\u00f4t froid et d\u2019une p\u00e9riode de croissance assez longue.<\/p>\n<p style=\"text-align: justify;\">La culture requiert des p\u00e9riodes d\u2019irrigation espac\u00e9es mais r\u00e9guli\u00e8res. Il est aussi recommand\u00e9 de ne pas trop irriguer en p\u00e9riode de m\u00fbrissage car cela produit des fissures sur les fruits et donc leur pourrissement.<\/p>\n<p style=\"text-align: justify;\">Les grenadiers poussent dans diff\u00e9rents types de sols, dont la terre argileuse, saline, et s\u00e9dimentaire, cette derni\u00e8re \u00e9tant la meilleure pour cette culture.<\/p>\n<p style=\"text-align: justify;\">Quant aux bienfaits des grenades, ils ne sont plus \u00e0 d\u00e9montrer. Elles sont r\u00e9put\u00e9es pour leur pouvoir antioxydant et leur capacit\u00e9 \u00e0 pr\u00e9venir les maladies chroniques, de m\u00eame qu\u2019elles sont favorables \u00e0 la sant\u00e9 cardiovasculaire et riches en fibres alimentaires.<\/p>\n<p>L\u2019article <a rel=\"nofollow\" href=\"https:\/\/www.mapoujda.ma\/fr\/le-grenadier-lautre-atout-de-larboriculture-de-berkane\/\">Le grenadier, l\u2019autre atout de l\u2019arboriculture de Berkane<\/a> est apparu en premier sur <a rel=\"nofollow\" href=\"https:\/\/www.mapoujda.ma\/fr\">MapOujda<\/a>.<\/p>\n<\/div>\n<p>Auteur: Soufiane ELAHMAR<br \/>\n<a href=\"https:\/\/www.mapoujda.ma\/fr\/le-grenadier-lautre-atout-de-larboriculture-de-berkane\/\">Cliquez ici pour lire l&rsquo;article depuis sa source.<\/a><\/p>\n","protected":false},"excerpt":{"rendered":"<p>Plus connue pour ses agrumes, la province de Berkane compte aussi d\u2019autres atouts arboricoles, dont le grenadier, aux fruits particuli\u00e8rement appr\u00e9ci\u00e9s pour leur qualit\u00e9 gustative et leur valeur nutritive. Cette culture conna\u00eet un d\u00e9veloppement significatif au niveau de la r\u00e9gion de l\u2019Oriental, particuli\u00e8rement dans la province de Berkane, gr\u00e2ce \u00e0 l\u2019int\u00e9r\u00eat port\u00e9 par les agriculteurs [&hellip;]<\/p>\n","protected":false},"author":1788,"featured_media":0,"comment_status":"closed","ping_status":"closed","sticky":false,"template":"","format":"standard","meta":{"fifu_image_url":"https:\/\/www.mapoujda.ma\/map\/uploads\/2021\/12\/r\u00e9colte-de-grenadier-750\u00d7430-MAP.jpg","fifu_image_alt":"Le grenadier, l\u2019autre atout de l\u2019arboriculture de Berkane","footnotes":""},"categories":[54,76],"tags":[],"class_list":["post-136736","post","type-post","status-publish","format-standard","hentry","category-maroc","category-regions"],"_links":{"self":[{"href":"https:\/\/linitiative.ca\/International\/wp-json\/wp\/v2\/posts\/136736","targetHints":{"allow":["GET"]}}],"collection":[{"href":"https:\/\/linitiative.ca\/International\/wp-json\/wp\/v2\/posts"}],"about":[{"href":"https:\/\/linitiative.ca\/International\/wp-json\/wp\/v2\/types\/post"}],"author":[{"embeddable":true,"href":"https:\/\/linitiative.ca\/International\/wp-json\/wp\/v2\/users\/1788"}],"replies":[{"embeddable":true,"href":"https:\/\/linitiative.ca\/International\/wp-json\/wp\/v2\/comments?post=136736"}],"version-history":[{"count":0,"href":"https:\/\/linitiative.ca\/International\/wp-json\/wp\/v2\/posts\/136736\/revisions"}],"wp:attachment":[{"href":"https:\/\/linitiative.ca\/International\/wp-json\/wp\/v2\/media?parent=136736"}],"wp:term":[{"taxonomy":"category","embeddable":true,"href":"https:\/\/linitiative.ca\/International\/wp-json\/wp\/v2\/categories?post=136736"},{"taxonomy":"post_tag","embeddable":true,"href":"https:\/\/linitiative.ca\/International\/wp-json\/wp\/v2\/tags?post=136736"}],"curies":[{"name":"wp","href":"https:\/\/api.w.org\/{rel}","templated":true}]}}