{"id":136738,"date":"2021-12-23T16:46:39","date_gmt":"2021-12-23T21:46:39","guid":{"rendered":"https:\/\/linitiative.ca\/International\/province-de-figuig-lancement-dune-importante-campagne-medico-chirurgicale\/"},"modified":"2021-12-23T16:46:39","modified_gmt":"2021-12-23T21:46:39","slug":"province-de-figuig-lancement-dune-importante-campagne-medico-chirurgicale","status":"publish","type":"post","link":"https:\/\/linitiative.ca\/International\/province-de-figuig-lancement-dune-importante-campagne-medico-chirurgicale\/","title":{"rendered":"Province de Figuig: lancement d\u2019une importante campagne m\u00e9dico-chirurgicale"},"content":{"rendered":"<div>\n<div style=\"margin-bottom:20px;\"><img loading=\"lazy\" decoding=\"async\" width=\"750\" height=\"430\" src=\"https:\/\/linitiative.ca\/International\/wp-content\/uploads\/sites\/23\/2021\/12\/Une-campagne-de-sensibilisation-et-de-dC3A9pistage-du-cancer-du-sein-750C397430.jpg\" class=\"attachment-post-thumbnail size-post-thumbnail wp-post-image\" alt=\"\" srcset=\"https:\/\/linitiative.ca\/International\/wp-content\/uploads\/sites\/23\/2021\/12\/Une-campagne-de-sensibilisation-et-de-dC3A9pistage-du-cancer-du-sein-750C397430.jpg 750w, https:\/\/www.mapoujda.ma\/map\/uploads\/2021\/10\/Une-campagne-de-sensibilisation-et-de-d\u00e9pistage-du-cancer-du-sein-750\u00d7430-300x172.jpg 300w\" sizes=\"auto, (max-width: 750px) 100vw, 750px\"><\/div>\n<p style=\"text-align: justify;\">La Fondation Mohammed V pour la Solidarit\u00e9 a lanc\u00e9, jeudi, une campagne m\u00e9dico-chirurgicale d\u2019envergure au niveau de la province de Figuig.<\/p>\n<p style=\"text-align: justify;\">Cette initiative, qui se poursuit jusqu\u2019au 25 d\u00e9cembre, s\u2019inscrit dans le cadre du programme 2021 des campagnes m\u00e9dicales de proximit\u00e9 organis\u00e9es par la Fondation Mohammed V pour la Solidarit\u00e9, dans le but de rapprocher les prestations m\u00e9dicales de base des populations et d\u2019am\u00e9liorer la couverture sanitaire g\u00e9ographique au niveau de plusieurs zones du Maroc.<\/p>\n<p style=\"text-align: justify;\">Le responsable du p\u00f4le m\u00e9dico-humanitaire \u00e0 la Fondation Mohammed V pour la Solidarit\u00e9, Abdellah Omar Moussa, a indiqu\u00e9 que cette campagne m\u00e9dico-chirurgicale intervient dans le cadre de la poursuite de la mise en \u0153uvre\u00a0du programme humanitaire men\u00e9 par la Fondation au profit de la population de la commune de Talssint, ainsi que de 3 autres communes rurales avoisinantes (Bni Tadjit, Boumeri\u00e8me et Bouchaouen).<\/p>\n<p style=\"text-align: justify;\">Il a ajout\u00e9, dans une d\u00e9claration \u00e0 la chaine d\u2019information de l\u2019Agence de presse marocaine (M24), que pr\u00e8s de 3.500 personnes devraient b\u00e9n\u00e9ficier de cette campagne m\u00e9dico-chirurgicale, \u00e0 travers deux volets, dont le premier porte sur les consultations g\u00e9n\u00e9rales dans les diff\u00e9rentes sp\u00e9cialit\u00e9s, les analyses m\u00e9dicales, les examens radiologiques et la remise des m\u00e9dicaments appropri\u00e9s.<\/p>\n<p style=\"text-align: justify;\">A travers le second volet, a poursuivi M. Moussa, les b\u00e9n\u00e9ficiaires subiront des interventions chirurgicales de m\u00e9decine interne et d\u2019ophtalmologie (cataracte) qui seront r\u00e9alis\u00e9es au Centre Hospitalier Hassan II\u00a0de Bouarfa.<\/p>\n<p style=\"text-align: justify;\">Il a soulign\u00e9 que cette campagne m\u00e9dico-chirurgicale s\u2019inscrit aussi dans le cadre des orientations de la Fondation en mati\u00e8re de rapprochement des services de sant\u00e9 de base des populations vivant dans des conditions difficiles sur les plans climatique, g\u00e9ographique, \u00e9conomique ou social.<\/p>\n<p style=\"text-align: justify;\">Pour sa part, docteur Soumia El Jadidi, du p\u00f4le m\u00e9dico-humanitaire de la Fondation Mohammed V pour la Solidarit\u00e9, a relev\u00e9 que cette campagne est d\u00e9ploy\u00e9e simultan\u00e9ment au Centre Hospitalier Hassan II\u00a0\u00e0 Bouarfa et \u00e0 Talssint, pr\u00e9cisant que cette initiative cible les personnes d\u00e9munies issues de cette commune et de celles avoisinantes.<\/p>\n<p style=\"text-align: justify;\">Cette importante campagne m\u00e9dico-chirurgicale fait suite aux deux caravanes m\u00e9dicales men\u00e9es en novembre dans les provinces de Taza et de Taounate, \u00e0 travers lesquelles plus de 6.700 personnes d\u00e9munies ont b\u00e9n\u00e9fici\u00e9 de soins sp\u00e9cialis\u00e9s et d\u2019interventions chirurgicales.<\/p>\n<p style=\"text-align: justify;\">Cette nouvelle campagne, qui vise \u00e0 rapprocher les prestations m\u00e9dicales de base des populations et \u00e0 am\u00e9liorer la couverture sanitaire g\u00e9ographique au niveau de la province de Figuig, est d\u00e9ploy\u00e9e simultan\u00e9ment dans le Centre Hospitalier Hassan II de Bouarfa et dans la localit\u00e9 de Talssint.<\/p>\n<p style=\"text-align: justify;\">Sa mise en \u0153uvre est assur\u00e9e en partenariat avec le minist\u00e8re de la Sant\u00e9 et de la Protection sociale, la Direction r\u00e9gionale de la Sant\u00e9 d\u2019Oujda, le CHU d\u2019Oujda, la D\u00e9l\u00e9gation provinciale de Figuig, les autorit\u00e9s locales, le Centre National Mohammed VI des Handicap\u00e9s de Sal\u00e9, ainsi que l\u2019association m\u00e9dicale conventionn\u00e9e Action Urgence.<\/p>\n<p style=\"text-align: justify;\">Le dispositif d\u2019intervention porte sur des op\u00e9rations chirurgicales (chirurgie visc\u00e9rale, ORL et cataracte) qui b\u00e9n\u00e9ficieront \u00e0 210 personnes au niveau de l\u2019h\u00f4pital provincial de Bouarfa, et une offre de soins multidisciplinaires qui sera mise \u00e0 disposition des habitants de Talssint, ainsi que ceux issus des communes avoisinantes de Bni Tadjit, Boumeri\u00e8me et Bouchaouen.<\/p>\n<p style=\"text-align: justify;\">Les populations b\u00e9n\u00e9ficieront ainsi de consultations g\u00e9n\u00e9rales et de prestations m\u00e9dicales sp\u00e9cialis\u00e9es qui couvriront notamment la m\u00e9decine interne, la sant\u00e9 de la m\u00e8re et de l\u2019enfant, le dentaire, la rhumatologie, la cardiologie, la dermatologie et l\u2019ophtalmologie.<\/p>\n<p style=\"text-align: justify;\">Les consultations permettront \u00e9galement de d\u00e9pister les personnes souffrant de cataracte et\/ou les cas d\u2019intervention urgente, qui seront directement pris en charge par les \u00e9quipes op\u00e9rant \u00e0 l\u2019h\u00f4pital de Bouarfa.<\/p>\n<p style=\"text-align: justify;\">Un important dispositif humain et technique est pr\u00e9vu afin d\u2019offrir les soins n\u00e9cessaires et de r\u00e9pondre \u00e0 la demande des populations dans les meilleures conditions. Outre les \u00e9quipes de la Fondation et le staff param\u00e9dical, un effectif de plus de 100 m\u00e9decins g\u00e9n\u00e9ralistes et sp\u00e9cialistes relevant du CHU d\u2019Oujda, de la D\u00e9l\u00e9gation provinciale de Bouarfa et de l\u2019association m\u00e9dicale partenaire Action Urgence participera \u00e0 cette op\u00e9ration solidaire.<\/p>\n<p>L\u2019article <a rel=\"nofollow\" href=\"https:\/\/www.mapoujda.ma\/fr\/province-de-figuig-lancement-dune-importante-campagne-medico-chirurgicale\/\">Province de Figuig: lancement d\u2019une importante campagne m\u00e9dico-chirurgicale<\/a> est apparu en premier sur <a rel=\"nofollow\" href=\"https:\/\/www.mapoujda.ma\/fr\">MapOujda<\/a>.<\/p>\n<\/div>\n<p>Auteur: Soufiane ELAHMAR<br \/>\n<a href=\"https:\/\/www.mapoujda.ma\/fr\/province-de-figuig-lancement-dune-importante-campagne-medico-chirurgicale\/\">Cliquez ici pour lire l&rsquo;article depuis sa source.<\/a><\/p>\n","protected":false},"excerpt":{"rendered":"<p>La Fondation Mohammed V pour la Solidarit\u00e9 a lanc\u00e9, jeudi, une campagne m\u00e9dico-chirurgicale d\u2019envergure au niveau de la province de Figuig. Cette initiative, qui se poursuit jusqu\u2019au 25 d\u00e9cembre, s\u2019inscrit dans le cadre du programme 2021 des campagnes m\u00e9dicales de proximit\u00e9 organis\u00e9es par la Fondation Mohammed V pour la Solidarit\u00e9, dans le but de rapprocher [&hellip;]<\/p>\n","protected":false},"author":1788,"featured_media":0,"comment_status":"closed","ping_status":"closed","sticky":false,"template":"","format":"standard","meta":{"fifu_image_url":"https:\/\/www.mapoujda.ma\/map\/uploads\/2021\/10\/Une-campagne-de-sensibilisation-et-de-d\u00e9pistage-du-cancer-du-sein-750\u00d7430.jpg","fifu_image_alt":"Province de Figuig: lancement d\u2019une importante campagne m\u00e9dico-chirurgicale","footnotes":""},"categories":[54,76],"tags":[],"class_list":["post-136738","post","type-post","status-publish","format-standard","hentry","category-maroc","category-regions"],"_links":{"self":[{"href":"https:\/\/linitiative.ca\/International\/wp-json\/wp\/v2\/posts\/136738","targetHints":{"allow":["GET"]}}],"collection":[{"href":"https:\/\/linitiative.ca\/International\/wp-json\/wp\/v2\/posts"}],"about":[{"href":"https:\/\/linitiative.ca\/International\/wp-json\/wp\/v2\/types\/post"}],"author":[{"embeddable":true,"href":"https:\/\/linitiative.ca\/International\/wp-json\/wp\/v2\/users\/1788"}],"replies":[{"embeddable":true,"href":"https:\/\/linitiative.ca\/International\/wp-json\/wp\/v2\/comments?post=136738"}],"version-history":[{"count":0,"href":"https:\/\/linitiative.ca\/International\/wp-json\/wp\/v2\/posts\/136738\/revisions"}],"wp:attachment":[{"href":"https:\/\/linitiative.ca\/International\/wp-json\/wp\/v2\/media?parent=136738"}],"wp:term":[{"taxonomy":"category","embeddable":true,"href":"https:\/\/linitiative.ca\/International\/wp-json\/wp\/v2\/categories?post=136738"},{"taxonomy":"post_tag","embeddable":true,"href":"https:\/\/linitiative.ca\/International\/wp-json\/wp\/v2\/tags?post=136738"}],"curies":[{"name":"wp","href":"https:\/\/api.w.org\/{rel}","templated":true}]}}