{"id":136740,"date":"2021-12-24T10:53:24","date_gmt":"2021-12-24T15:53:24","guid":{"rendered":"https:\/\/linitiative.ca\/International\/la-couverture-sociale-aux-artisans-non-fiscalises-fixee-a-135dhs-mensuelle\/"},"modified":"2021-12-24T10:53:24","modified_gmt":"2021-12-24T15:53:24","slug":"la-couverture-sociale-aux-artisans-non-fiscalises-fixee-a-135dhs-mensuelle","status":"publish","type":"post","link":"https:\/\/linitiative.ca\/International\/la-couverture-sociale-aux-artisans-non-fiscalises-fixee-a-135dhs-mensuelle\/","title":{"rendered":"La couverture sociale aux artisans non fiscalis\u00e9s fix\u00e9e \u00e0 135Dhs mensuelle"},"content":{"rendered":"<div>\n<div style=\"margin-bottom:20px;\"><img loading=\"lazy\" decoding=\"async\" width=\"750\" height=\"430\" src=\"https:\/\/linitiative.ca\/International\/wp-content\/uploads\/sites\/23\/2021\/12\/Un-maC3A2lam-forgeron-en-plein-travail-750C397430-MAP.jpg\" class=\"attachment-post-thumbnail size-post-thumbnail wp-post-image\" alt=\"\" srcset=\"https:\/\/linitiative.ca\/International\/wp-content\/uploads\/sites\/23\/2021\/12\/Un-maC3A2lam-forgeron-en-plein-travail-750C397430-MAP.jpg 750w, https:\/\/www.mapoujda.ma\/map\/uploads\/2021\/12\/Un-ma\u00e2lam-forgeron-en-plein-travail-750\u00d7430-MAP-300x172.jpg 300w\" sizes=\"auto, (max-width: 750px) 100vw, 750px\"><\/div>\n<p style=\"text-align: justify;\">La Couverture sociale aux artisans non fiscalis\u00e9s inscrits sur le Registre National de l\u2019Artisan a \u00e9t\u00e9 fix\u00e9e \u00e0 135 Dhs mensuelle, a indiqu\u00e9 le minist\u00e8re du Tourisme, de l\u2019Artisanat et de l\u2019Economie Sociale et Solidaire.<\/p>\n<p style=\"text-align: justify;\">Le Conseil de Gouvernement a adopt\u00e9, jeudi, le d\u00e9cret fixant le cadre r\u00e9glementaire d\u2019Assurance Maladie Obligatoire (AMO) pour les artisans non fiscalis\u00e9s, fait savoir un communiqu\u00e9 du minist\u00e8re.<\/p>\n<p style=\"text-align: justify;\">Afin de permettre aux artisans et leurs familles de b\u00e9n\u00e9ficier de la couverture sociale, le d\u00e9cret a fix\u00e9 une contribution adapt\u00e9e aux revenus des professionnels sur la base d\u2019un coefficient de 0,75 de la valeur du SMIG, pr\u00e9cise le communiqu\u00e9, notant que cette contribution est \u00e9quivalente \u00e0 135 dirhams par mois par artisan.<\/p>\n<p style=\"text-align: justify;\">L\u2019acc\u00e8s \u00e0 l\u2019assurance maladie sp\u00e9cifique aux artisans non fiscalis\u00e9s demeure conditionn\u00e9e par une actualisation du statut d\u2019artisan et une inscription au Registre National de l\u2019Artisan, souligne la m\u00eame source.<\/p>\n<p style=\"text-align: justify;\">Le versement des cotisations mensuelles se fera aupr\u00e8s de la CNSS et ses points relais, souligne le minist\u00e8re, notant que le texte adopt\u00e9 vient renforcer le cadre r\u00e9glementaire de couverture sociale existant pour les artisans fiscalis\u00e9s soumis aux r\u00e9gimes fiscaux de comptabilit\u00e9 simplifi\u00e9e, de la Contribution Professionnelle Unique (CPU) et de l\u2019autoentrepreneur.<\/p>\n<p style=\"text-align: justify;\">Ce texte s\u2019inscrit dans le cadre de la mise en \u0153uvre du chantier Royal de g\u00e9n\u00e9ralisation de la couverture sociale. Le volet couvrant le secteur d\u2019artisanat du chantier vise \u00e0 enregistrer 750.000 artisans dans le r\u00e9gime de s\u00e9curit\u00e9 sociale.<\/p>\n<p>L\u2019article <a rel=\"nofollow\" href=\"https:\/\/www.mapoujda.ma\/fr\/la-couverture-sociale-aux-artisans-non-fiscalises-fixee-a-135dhs-mensuelle\/\">La couverture sociale aux artisans non fiscalis\u00e9s fix\u00e9e \u00e0 135Dhs mensuelle<\/a> est apparu en premier sur <a rel=\"nofollow\" href=\"https:\/\/www.mapoujda.ma\/fr\">MapOujda<\/a>.<\/p>\n<\/div>\n<p>Auteur: Soufiane ELAHMAR<br \/>\n<a href=\"https:\/\/www.mapoujda.ma\/fr\/la-couverture-sociale-aux-artisans-non-fiscalises-fixee-a-135dhs-mensuelle\/\">Cliquez ici pour lire l&rsquo;article depuis sa source.<\/a><\/p>\n","protected":false},"excerpt":{"rendered":"<p>La Couverture sociale aux artisans non fiscalis\u00e9s inscrits sur le Registre National de l\u2019Artisan a \u00e9t\u00e9 fix\u00e9e \u00e0 135 Dhs mensuelle, a indiqu\u00e9 le minist\u00e8re du Tourisme, de l\u2019Artisanat et de l\u2019Economie Sociale et Solidaire. Le Conseil de Gouvernement a adopt\u00e9, jeudi, le d\u00e9cret fixant le cadre r\u00e9glementaire d\u2019Assurance Maladie Obligatoire (AMO) pour les artisans [&hellip;]<\/p>\n","protected":false},"author":1788,"featured_media":0,"comment_status":"closed","ping_status":"closed","sticky":false,"template":"","format":"standard","meta":{"fifu_image_url":"https:\/\/www.mapoujda.ma\/map\/uploads\/2021\/12\/Un-ma\u00e2lam-forgeron-en-plein-travail-750\u00d7430-MAP.jpg","fifu_image_alt":"La couverture sociale aux artisans non fiscalis\u00e9s fix\u00e9e \u00e0 135Dhs mensuelle","footnotes":""},"categories":[54,76],"tags":[],"class_list":["post-136740","post","type-post","status-publish","format-standard","hentry","category-maroc","category-regions"],"_links":{"self":[{"href":"https:\/\/linitiative.ca\/International\/wp-json\/wp\/v2\/posts\/136740","targetHints":{"allow":["GET"]}}],"collection":[{"href":"https:\/\/linitiative.ca\/International\/wp-json\/wp\/v2\/posts"}],"about":[{"href":"https:\/\/linitiative.ca\/International\/wp-json\/wp\/v2\/types\/post"}],"author":[{"embeddable":true,"href":"https:\/\/linitiative.ca\/International\/wp-json\/wp\/v2\/users\/1788"}],"replies":[{"embeddable":true,"href":"https:\/\/linitiative.ca\/International\/wp-json\/wp\/v2\/comments?post=136740"}],"version-history":[{"count":0,"href":"https:\/\/linitiative.ca\/International\/wp-json\/wp\/v2\/posts\/136740\/revisions"}],"wp:attachment":[{"href":"https:\/\/linitiative.ca\/International\/wp-json\/wp\/v2\/media?parent=136740"}],"wp:term":[{"taxonomy":"category","embeddable":true,"href":"https:\/\/linitiative.ca\/International\/wp-json\/wp\/v2\/categories?post=136740"},{"taxonomy":"post_tag","embeddable":true,"href":"https:\/\/linitiative.ca\/International\/wp-json\/wp\/v2\/tags?post=136740"}],"curies":[{"name":"wp","href":"https:\/\/api.w.org\/{rel}","templated":true}]}}