{"id":136745,"date":"2021-12-24T10:11:40","date_gmt":"2021-12-24T15:11:40","guid":{"rendered":"https:\/\/linitiative.ca\/International\/covid-19-654-nouveaux-cas-ce-vendredi-24-decembre\/"},"modified":"2021-12-24T10:11:40","modified_gmt":"2021-12-24T15:11:40","slug":"covid-19-654-nouveaux-cas-ce-vendredi-24-decembre","status":"publish","type":"post","link":"https:\/\/linitiative.ca\/International\/covid-19-654-nouveaux-cas-ce-vendredi-24-decembre\/","title":{"rendered":"Covid-19: 654 nouveaux cas ce vendredi 24 d\u00e9cembre"},"content":{"rendered":"<div>\n<div class=\"field field-name-body field-type-text-with-summary field-label-hidden\">\n<div class=\"field-items\">\n<div class=\"field-item even\" property=\"content:encoded\">\n<p class=\"rtejustify\">Un total de 654 nouveaux cas d&rsquo;infection au nouveau coronavirus (Covid-19) et de 237 gu\u00e9risons a \u00e9t\u00e9 enregistr\u00e9 au Maroc ces derni\u00e8res 24 heures, a indiqu\u00e9, vendredi, le minist\u00e8re de la Sant\u00e9 et de la protection sociale.<\/p>\n<p class=\"rtejustify\">Dans son bulletin quotidien sur la situation \u00e9pid\u00e9miologique, le minist\u00e8re a relev\u00e9 que le nombre de primo-vaccin\u00e9s a atteint 24.525.567, celui des personnes ayant re\u00e7u deux doses s&rsquo;\u00e9l\u00e8ve \u00e0 22.885.067, alors que 2.655.175 personnes ont eu les trois injections.<\/p>\n<\/div>\n<\/div>\n<\/div>\n<\/div>\n<p>Auteur: mbasraoui<br \/>\n<a href=\"https:\/\/www.leconomiste.com\/flash-infos\/covid-19-654-nouveaux-cas-ce-vendredi-24-decembre\">Cliquez ici pour lire l&rsquo;article depuis sa source.<\/a><\/p>\n","protected":false},"excerpt":{"rendered":"<p>Un total de 654 nouveaux cas d&rsquo;infection au nouveau coronavirus (Covid-19) et de 237 gu\u00e9risons a \u00e9t\u00e9 enregistr\u00e9 au Maroc ces derni\u00e8res 24 heures, a indiqu\u00e9, vendredi, le minist\u00e8re de la Sant\u00e9 et de la protection sociale. Dans son bulletin quotidien sur la situation \u00e9pid\u00e9miologique, le minist\u00e8re a relev\u00e9 que le nombre de primo-vaccin\u00e9s a [&hellip;]<\/p>\n","protected":false},"author":1763,"featured_media":0,"comment_status":"closed","ping_status":"closed","sticky":false,"template":"","format":"standard","meta":{"fifu_image_url":"","fifu_image_alt":"","footnotes":""},"categories":[78,54],"tags":[],"class_list":["post-136745","post","type-post","status-publish","format-standard","hentry","category-economie","category-maroc"],"_links":{"self":[{"href":"https:\/\/linitiative.ca\/International\/wp-json\/wp\/v2\/posts\/136745","targetHints":{"allow":["GET"]}}],"collection":[{"href":"https:\/\/linitiative.ca\/International\/wp-json\/wp\/v2\/posts"}],"about":[{"href":"https:\/\/linitiative.ca\/International\/wp-json\/wp\/v2\/types\/post"}],"author":[{"embeddable":true,"href":"https:\/\/linitiative.ca\/International\/wp-json\/wp\/v2\/users\/1763"}],"replies":[{"embeddable":true,"href":"https:\/\/linitiative.ca\/International\/wp-json\/wp\/v2\/comments?post=136745"}],"version-history":[{"count":0,"href":"https:\/\/linitiative.ca\/International\/wp-json\/wp\/v2\/posts\/136745\/revisions"}],"wp:attachment":[{"href":"https:\/\/linitiative.ca\/International\/wp-json\/wp\/v2\/media?parent=136745"}],"wp:term":[{"taxonomy":"category","embeddable":true,"href":"https:\/\/linitiative.ca\/International\/wp-json\/wp\/v2\/categories?post=136745"},{"taxonomy":"post_tag","embeddable":true,"href":"https:\/\/linitiative.ca\/International\/wp-json\/wp\/v2\/tags?post=136745"}],"curies":[{"name":"wp","href":"https:\/\/api.w.org\/{rel}","templated":true}]}}