{"id":136748,"date":"2021-12-24T13:24:36","date_gmt":"2021-12-24T18:24:36","guid":{"rendered":"https:\/\/linitiative.ca\/International\/les-bourses-europeennes-cloturent-la-semaine-en-legere-baisse\/"},"modified":"2021-12-24T13:24:36","modified_gmt":"2021-12-24T18:24:36","slug":"les-bourses-europeennes-cloturent-la-semaine-en-legere-baisse","status":"publish","type":"post","link":"https:\/\/linitiative.ca\/International\/les-bourses-europeennes-cloturent-la-semaine-en-legere-baisse\/","title":{"rendered":"Les Bourses europ\u00e9ennes cl\u00f4turent la semaine en l\u00e9g\u00e8re baisse"},"content":{"rendered":"<div>\n<div class=\"field field-name-body field-type-text-with-summary field-label-hidden\">\n<div class=\"field-items\">\n<div class=\"field-item even\" property=\"content:encoded\">\n<p class=\"rtejustify\">Les Bourses europ\u00e9ennes ont cl\u00f4tur\u00e9 en l\u00e9g\u00e8re baisse vendredi, les investisseurs privil\u00e9giant la prise de b\u00e9n\u00e9fices apr\u00e8s les gains entra\u00een\u00e9s par le reflux des craintes sur le variant Omicron du coronavirus.<\/p>\n<\/div>\n<\/div>\n<\/div>\n<\/div>\n<p>Auteur: mbasraoui<br \/>\n<a href=\"https:\/\/www.leconomiste.com\/flash-infos\/les-bourses-europeennes-cloturent-la-semaine-en-legere-baisse\">Cliquez ici pour lire l&rsquo;article depuis sa source.<\/a><\/p>\n","protected":false},"excerpt":{"rendered":"<p>Les Bourses europ\u00e9ennes ont cl\u00f4tur\u00e9 en l\u00e9g\u00e8re baisse vendredi, les investisseurs privil\u00e9giant la prise de b\u00e9n\u00e9fices apr\u00e8s les gains entra\u00een\u00e9s par le reflux des craintes sur le variant Omicron du coronavirus. Auteur: mbasraoui Cliquez ici pour lire l&rsquo;article depuis sa source.<\/p>\n","protected":false},"author":1763,"featured_media":0,"comment_status":"closed","ping_status":"closed","sticky":false,"template":"","format":"standard","meta":{"fifu_image_url":"","fifu_image_alt":"","footnotes":""},"categories":[78,54],"tags":[],"class_list":["post-136748","post","type-post","status-publish","format-standard","hentry","category-economie","category-maroc"],"_links":{"self":[{"href":"https:\/\/linitiative.ca\/International\/wp-json\/wp\/v2\/posts\/136748","targetHints":{"allow":["GET"]}}],"collection":[{"href":"https:\/\/linitiative.ca\/International\/wp-json\/wp\/v2\/posts"}],"about":[{"href":"https:\/\/linitiative.ca\/International\/wp-json\/wp\/v2\/types\/post"}],"author":[{"embeddable":true,"href":"https:\/\/linitiative.ca\/International\/wp-json\/wp\/v2\/users\/1763"}],"replies":[{"embeddable":true,"href":"https:\/\/linitiative.ca\/International\/wp-json\/wp\/v2\/comments?post=136748"}],"version-history":[{"count":0,"href":"https:\/\/linitiative.ca\/International\/wp-json\/wp\/v2\/posts\/136748\/revisions"}],"wp:attachment":[{"href":"https:\/\/linitiative.ca\/International\/wp-json\/wp\/v2\/media?parent=136748"}],"wp:term":[{"taxonomy":"category","embeddable":true,"href":"https:\/\/linitiative.ca\/International\/wp-json\/wp\/v2\/categories?post=136748"},{"taxonomy":"post_tag","embeddable":true,"href":"https:\/\/linitiative.ca\/International\/wp-json\/wp\/v2\/tags?post=136748"}],"curies":[{"name":"wp","href":"https:\/\/api.w.org\/{rel}","templated":true}]}}