{"id":136749,"date":"2021-12-24T04:25:00","date_gmt":"2021-12-24T09:25:00","guid":{"rendered":"https:\/\/linitiative.ca\/International\/le-forum-des-ligues-mondiales-ne-veut-pas-liberer-les-joueurs-aux-dates-prevues-pour-la-can\/"},"modified":"2021-12-24T04:25:00","modified_gmt":"2021-12-24T09:25:00","slug":"le-forum-des-ligues-mondiales-ne-veut-pas-liberer-les-joueurs-aux-dates-prevues-pour-la-can","status":"publish","type":"post","link":"https:\/\/linitiative.ca\/International\/le-forum-des-ligues-mondiales-ne-veut-pas-liberer-les-joueurs-aux-dates-prevues-pour-la-can\/","title":{"rendered":"Le Forum des ligues mondiales ne veut pas lib\u00e9rer les joueurs aux dates pr\u00e9vues pour la CAN"},"content":{"rendered":"<div>Alors que la CAN 2022 va d\u00e9buter dans un peu plus de deux semaines, la pol\u00e9mique continue de faire rage sur la question de la lib\u00e9ration des joueurs pour la comp\u00e9tition<\/div>\n<p>Auteur:<br \/>\n<a href=\"https:\/\/www.lebuteur.com\/article\/detail?titre=le-forum-des-ligues-mondiales-ne-veut-pas-liberer-les-joueurs-aux-dates-prevues-pour-la-can&#038;id=101891\">Cliquez ici pour lire l&rsquo;article depuis sa source.<\/a><\/p>\n","protected":false},"excerpt":{"rendered":"<p>Alors que la CAN 2022 va d\u00e9buter dans un peu plus de deux semaines, la pol\u00e9mique continue de faire rage sur la question de la lib\u00e9ration des joueurs pour la comp\u00e9tition Auteur: Cliquez ici pour lire l&rsquo;article depuis sa source.<\/p>\n","protected":false},"author":1738,"featured_media":0,"comment_status":"closed","ping_status":"closed","sticky":false,"template":"","format":"standard","meta":{"fifu_image_url":"","fifu_image_alt":"","footnotes":""},"categories":[53,75],"tags":[],"class_list":["post-136749","post","type-post","status-publish","format-standard","hentry","category-algerie","category-sport"],"_links":{"self":[{"href":"https:\/\/linitiative.ca\/International\/wp-json\/wp\/v2\/posts\/136749","targetHints":{"allow":["GET"]}}],"collection":[{"href":"https:\/\/linitiative.ca\/International\/wp-json\/wp\/v2\/posts"}],"about":[{"href":"https:\/\/linitiative.ca\/International\/wp-json\/wp\/v2\/types\/post"}],"author":[{"embeddable":true,"href":"https:\/\/linitiative.ca\/International\/wp-json\/wp\/v2\/users\/1738"}],"replies":[{"embeddable":true,"href":"https:\/\/linitiative.ca\/International\/wp-json\/wp\/v2\/comments?post=136749"}],"version-history":[{"count":0,"href":"https:\/\/linitiative.ca\/International\/wp-json\/wp\/v2\/posts\/136749\/revisions"}],"wp:attachment":[{"href":"https:\/\/linitiative.ca\/International\/wp-json\/wp\/v2\/media?parent=136749"}],"wp:term":[{"taxonomy":"category","embeddable":true,"href":"https:\/\/linitiative.ca\/International\/wp-json\/wp\/v2\/categories?post=136749"},{"taxonomy":"post_tag","embeddable":true,"href":"https:\/\/linitiative.ca\/International\/wp-json\/wp\/v2\/tags?post=136749"}],"curies":[{"name":"wp","href":"https:\/\/api.w.org\/{rel}","templated":true}]}}