{"id":136750,"date":"2021-12-24T08:48:00","date_gmt":"2021-12-24T13:48:00","guid":{"rendered":"https:\/\/linitiative.ca\/International\/pascal-gastien-zedadka-est-un-arriere-droit-tres-moderne-il-a-beaucoup-progresse\/"},"modified":"2021-12-24T08:48:00","modified_gmt":"2021-12-24T13:48:00","slug":"pascal-gastien-zedadka-est-un-arriere-droit-tres-moderne-il-a-beaucoup-progresse","status":"publish","type":"post","link":"https:\/\/linitiative.ca\/International\/pascal-gastien-zedadka-est-un-arriere-droit-tres-moderne-il-a-beaucoup-progresse\/","title":{"rendered":"Pascal Gastien \u00ab Zedadka est un arri\u00e8re droit tr\u00e8s moderne, il a beaucoup progress\u00e9 \u00bb"},"content":{"rendered":"<div>\u00abMentalement Akim est costaud. Il a le talent pour s\u2019imposer en s\u00e9lection \u00bb<\/div>\n<p>Auteur:<br \/>\n<a href=\"https:\/\/www.lebuteur.com\/article\/detail?titre=pascal-gastien-zedadka-est-un-arriere-droit-tres-moderne-il-a-beaucoup-progresse&#038;id=101892\">Cliquez ici pour lire l&rsquo;article depuis sa source.<\/a><\/p>\n","protected":false},"excerpt":{"rendered":"<p>\u00abMentalement Akim est costaud. Il a le talent pour s\u2019imposer en s\u00e9lection \u00bb Auteur: Cliquez ici pour lire l&rsquo;article depuis sa source.<\/p>\n","protected":false},"author":1738,"featured_media":0,"comment_status":"closed","ping_status":"closed","sticky":false,"template":"","format":"standard","meta":{"fifu_image_url":"","fifu_image_alt":"","footnotes":""},"categories":[53,75],"tags":[],"class_list":["post-136750","post","type-post","status-publish","format-standard","hentry","category-algerie","category-sport"],"_links":{"self":[{"href":"https:\/\/linitiative.ca\/International\/wp-json\/wp\/v2\/posts\/136750","targetHints":{"allow":["GET"]}}],"collection":[{"href":"https:\/\/linitiative.ca\/International\/wp-json\/wp\/v2\/posts"}],"about":[{"href":"https:\/\/linitiative.ca\/International\/wp-json\/wp\/v2\/types\/post"}],"author":[{"embeddable":true,"href":"https:\/\/linitiative.ca\/International\/wp-json\/wp\/v2\/users\/1738"}],"replies":[{"embeddable":true,"href":"https:\/\/linitiative.ca\/International\/wp-json\/wp\/v2\/comments?post=136750"}],"version-history":[{"count":0,"href":"https:\/\/linitiative.ca\/International\/wp-json\/wp\/v2\/posts\/136750\/revisions"}],"wp:attachment":[{"href":"https:\/\/linitiative.ca\/International\/wp-json\/wp\/v2\/media?parent=136750"}],"wp:term":[{"taxonomy":"category","embeddable":true,"href":"https:\/\/linitiative.ca\/International\/wp-json\/wp\/v2\/categories?post=136750"},{"taxonomy":"post_tag","embeddable":true,"href":"https:\/\/linitiative.ca\/International\/wp-json\/wp\/v2\/tags?post=136750"}],"curies":[{"name":"wp","href":"https:\/\/api.w.org\/{rel}","templated":true}]}}