{"id":136751,"date":"2021-12-24T09:48:00","date_gmt":"2021-12-24T14:48:00","guid":{"rendered":"https:\/\/linitiative.ca\/International\/bougherra-maintenant-place-a-la-can-2021\/"},"modified":"2021-12-24T09:48:00","modified_gmt":"2021-12-24T14:48:00","slug":"bougherra-maintenant-place-a-la-can-2021","status":"publish","type":"post","link":"https:\/\/linitiative.ca\/International\/bougherra-maintenant-place-a-la-can-2021\/","title":{"rendered":"Bougherra: \u00ab\u00a0Maintenant, place \u00e0 la CAN-2021\u00a0\u00bb"},"content":{"rendered":"<div>Je pense que depuis mon installation \u00e0 la t\u00eate de l&rsquo;\u00e9quipe A&rsquo;, le premier objectif \u00e9tait de travailler en \u00e9troite collaboration avec la premi\u00e8re \u00e9quipe, dirig\u00e9e par le coach Djamel Belmadi&#8230;<\/div>\n<p>Auteur:<br \/>\n<a href=\"https:\/\/www.lebuteur.com\/article\/detail?titre=bougherra-maintenant-place-a-la-can-2021&#038;id=101893\">Cliquez ici pour lire l&rsquo;article depuis sa source.<\/a><\/p>\n","protected":false},"excerpt":{"rendered":"<p>Je pense que depuis mon installation \u00e0 la t\u00eate de l&rsquo;\u00e9quipe A&rsquo;, le premier objectif \u00e9tait de travailler en \u00e9troite collaboration avec la premi\u00e8re \u00e9quipe, dirig\u00e9e par le coach Djamel Belmadi&#8230; Auteur: Cliquez ici pour lire l&rsquo;article depuis sa source.<\/p>\n","protected":false},"author":1738,"featured_media":0,"comment_status":"closed","ping_status":"closed","sticky":false,"template":"","format":"standard","meta":{"fifu_image_url":"","fifu_image_alt":"","footnotes":""},"categories":[53,75],"tags":[],"class_list":["post-136751","post","type-post","status-publish","format-standard","hentry","category-algerie","category-sport"],"_links":{"self":[{"href":"https:\/\/linitiative.ca\/International\/wp-json\/wp\/v2\/posts\/136751","targetHints":{"allow":["GET"]}}],"collection":[{"href":"https:\/\/linitiative.ca\/International\/wp-json\/wp\/v2\/posts"}],"about":[{"href":"https:\/\/linitiative.ca\/International\/wp-json\/wp\/v2\/types\/post"}],"author":[{"embeddable":true,"href":"https:\/\/linitiative.ca\/International\/wp-json\/wp\/v2\/users\/1738"}],"replies":[{"embeddable":true,"href":"https:\/\/linitiative.ca\/International\/wp-json\/wp\/v2\/comments?post=136751"}],"version-history":[{"count":0,"href":"https:\/\/linitiative.ca\/International\/wp-json\/wp\/v2\/posts\/136751\/revisions"}],"wp:attachment":[{"href":"https:\/\/linitiative.ca\/International\/wp-json\/wp\/v2\/media?parent=136751"}],"wp:term":[{"taxonomy":"category","embeddable":true,"href":"https:\/\/linitiative.ca\/International\/wp-json\/wp\/v2\/categories?post=136751"},{"taxonomy":"post_tag","embeddable":true,"href":"https:\/\/linitiative.ca\/International\/wp-json\/wp\/v2\/tags?post=136751"}],"curies":[{"name":"wp","href":"https:\/\/api.w.org\/{rel}","templated":true}]}}