{"id":136754,"date":"2021-12-24T04:49:00","date_gmt":"2021-12-24T09:49:00","guid":{"rendered":"https:\/\/linitiative.ca\/International\/smart-tunisie-souscriptions-cloturees-avec-succes-et-premiere-cotation-en-bourse-ce-jeudi-30-decembre\/"},"modified":"2021-12-24T04:49:00","modified_gmt":"2021-12-24T09:49:00","slug":"smart-tunisie-souscriptions-cloturees-avec-succes-et-premiere-cotation-en-bourse-ce-jeudi-30-decembre","status":"publish","type":"post","link":"https:\/\/linitiative.ca\/International\/smart-tunisie-souscriptions-cloturees-avec-succes-et-premiere-cotation-en-bourse-ce-jeudi-30-decembre\/","title":{"rendered":"Smart Tunisie: souscriptions cl\u00f4tur\u00e9es avec succ\u00e8s et premi\u00e8re cotation en bourse ce jeudi 30 d\u00e9cembre"},"content":{"rendered":"<div><img decoding=\"async\" src=\"https:\/\/linitiative.ca\/International\/wp-content\/uploads\/sites\/23\/2021\/12\/1640337095_article.jpg\" alt=\"Smart Tunisie: souscriptions cl\u00f4tur\u00e9es avec succ\u00e8s et premi\u00e8re cotation en bourse ce jeudi 30 d\u00e9cembre\" align=\"left\">Les souscriptions au capital de Smart Tunisie ont \u00e9t\u00e9 cl\u00f4tur\u00e9es avec succ\u00e8s le mercredi 22 d\u00e9cembre 2021, dans le cadre d\u2019une introduction en bourse pilot\u00e9e par Tunisie Valeurs, l\u2019interm\u00e9diaire et introducteur. Le d\u00e9pouillement des demandes ainsi que l\u2019attribution des quotit\u00e9s ont \u00e9t\u00e9 effectu\u00e9s au si\u00e8ge de la Bourse de Tunis. La cloche sera sonn\u00e9e le jeudi 30 d\u00e9cembre 2021 marquant ainsi le d\u00e9marrage des transactions sur le titre Smart Tunisie, sur le premier march\u00e9 de la Bourse.<br \/>\nLire aussi<br \/>\nQui est Taoufik Ben Khemis le pr\u00e9sident du conseil d\u2019administration de Smart Tunisie<br \/>\nQui est Mahmoud Bouden Directeur g\u00e9n\u00e9ral adjoint de Smart Tunisie<br \/>\nQui est Abdelwaheb &#8230;<\/p>\n<\/div>\n<p>Auteur:<br \/>\n<a href=\"https:\/\/www.leaders.com.tn\/article\/32801-smart-tunisie-souscriptions-cloturees-avec-succes-et-premiere-cotation-en-bourse-ce-jeudi-30-decembre\">Cliquez ici pour lire l&rsquo;article depuis sa source.<\/a><\/p>\n","protected":false},"excerpt":{"rendered":"<p>Les souscriptions au capital de Smart Tunisie ont \u00e9t\u00e9 cl\u00f4tur\u00e9es avec succ\u00e8s le mercredi 22 d\u00e9cembre 2021, dans le cadre d\u2019une introduction en bourse pilot\u00e9e par Tunisie Valeurs, l\u2019interm\u00e9diaire et introducteur. Le d\u00e9pouillement des demandes ainsi que l\u2019attribution des quotit\u00e9s ont \u00e9t\u00e9 effectu\u00e9s au si\u00e8ge de la Bourse de Tunis. La cloche sera sonn\u00e9e le [&hellip;]<\/p>\n","protected":false},"author":1772,"featured_media":0,"comment_status":"closed","ping_status":"closed","sticky":false,"template":"","format":"standard","meta":{"fifu_image_url":"http:\/\/www.leaders.com.tn\/uploads\/content\/thumbnails_small\/1640337095_article.jpg","fifu_image_alt":"Smart Tunisie: souscriptions cl\u00f4tur\u00e9es avec succ\u00e8s et premi\u00e8re cotation en bourse ce jeudi 30 d\u00e9cembre","footnotes":""},"categories":[73,55],"tags":[],"class_list":["post-136754","post","type-post","status-publish","format-standard","hentry","category-actualite","category-tunisie"],"_links":{"self":[{"href":"https:\/\/linitiative.ca\/International\/wp-json\/wp\/v2\/posts\/136754","targetHints":{"allow":["GET"]}}],"collection":[{"href":"https:\/\/linitiative.ca\/International\/wp-json\/wp\/v2\/posts"}],"about":[{"href":"https:\/\/linitiative.ca\/International\/wp-json\/wp\/v2\/types\/post"}],"author":[{"embeddable":true,"href":"https:\/\/linitiative.ca\/International\/wp-json\/wp\/v2\/users\/1772"}],"replies":[{"embeddable":true,"href":"https:\/\/linitiative.ca\/International\/wp-json\/wp\/v2\/comments?post=136754"}],"version-history":[{"count":0,"href":"https:\/\/linitiative.ca\/International\/wp-json\/wp\/v2\/posts\/136754\/revisions"}],"wp:attachment":[{"href":"https:\/\/linitiative.ca\/International\/wp-json\/wp\/v2\/media?parent=136754"}],"wp:term":[{"taxonomy":"category","embeddable":true,"href":"https:\/\/linitiative.ca\/International\/wp-json\/wp\/v2\/categories?post=136754"},{"taxonomy":"post_tag","embeddable":true,"href":"https:\/\/linitiative.ca\/International\/wp-json\/wp\/v2\/tags?post=136754"}],"curies":[{"name":"wp","href":"https:\/\/api.w.org\/{rel}","templated":true}]}}