{"id":136758,"date":"2021-12-24T14:56:00","date_gmt":"2021-12-24T19:56:00","guid":{"rendered":"https:\/\/linitiative.ca\/International\/mhammed-essaafi-ancien-secretaire-general-adjoint-de-lonu-est-decede\/"},"modified":"2021-12-24T14:56:00","modified_gmt":"2021-12-24T19:56:00","slug":"mhammed-essaafi-ancien-secretaire-general-adjoint-de-lonu-est-decede","status":"publish","type":"post","link":"https:\/\/linitiative.ca\/International\/mhammed-essaafi-ancien-secretaire-general-adjoint-de-lonu-est-decede\/","title":{"rendered":"M&rsquo;hammed Essaafi, ancien secr\u00e9taire g\u00e9n\u00e9ral adjoint de l&rsquo;ONU, est d\u00e9c\u00e9d\u00e9"},"content":{"rendered":"<div><img decoding=\"async\" src=\"https:\/\/linitiative.ca\/International\/wp-content\/uploads\/sites\/23\/2021\/12\/1640372861_article.jpg\" alt=\"M\" hammed essaafi ancien secr g adjoint de l est d align=\"left\">Par Majid Chaar, Haut fonctionnaire international (FAO) &#8211; Longtemps secr\u00e9taire g\u00e9n\u00e9ral adjoint des Nations Unies, chef de cabinet et repr\u00e9sentant sp\u00e9cial du secr\u00e9taire g\u00e9n\u00e9ral de l\u2019ONU, l\u2019ambassadeur M\u2019hammed Essaafi est d\u00e9c\u00e9d\u00e9 ce vendredi \u00e0 l\u2019\u00e2ge de 90 ans. Avant de rejoindre l\u2019ONU et y occuper des fonctions \u00e9lev\u00e9es, il avait \u00e9t\u00e9 ambassadeur de Tunisie dans de nombreuses capitales europ\u00e9ennes et \u00e0 Moscou, ainsi que secr\u00e9taire g\u00e9n\u00e9ral du minist\u00e8re des Affaires \u00e9trang\u00e8res. Hommage \u00e0 un grand diplomate.<br \/>\nM&rsquo;hamed Essaafi, un vrai citoyen du monde et un grand serviteur de la diplomatie nationale et internationale, nous a attrist\u00e9s par son d\u00e9c\u00e8s. Son &#8230;<\/p>\n<\/div>\n<p>Auteur:<br \/>\n<a href=\"https:\/\/www.leaders.com.tn\/article\/32805-m-hammed-essaafi-ancien-secretaire-general-adjoint-de-l-onu-est-decede\">Cliquez ici pour lire l&rsquo;article depuis sa source.<\/a><\/p>\n","protected":false},"excerpt":{"rendered":"<p>Par Majid Chaar, Haut fonctionnaire international (FAO) &#8211; Longtemps secr\u00e9taire g\u00e9n\u00e9ral adjoint des Nations Unies, chef de cabinet et repr\u00e9sentant sp\u00e9cial du secr\u00e9taire g\u00e9n\u00e9ral de l\u2019ONU, l\u2019ambassadeur M\u2019hammed Essaafi est d\u00e9c\u00e9d\u00e9 ce vendredi \u00e0 l\u2019\u00e2ge de 90 ans. Avant de rejoindre l\u2019ONU et y occuper des fonctions \u00e9lev\u00e9es, il avait \u00e9t\u00e9 ambassadeur de Tunisie dans [&hellip;]<\/p>\n","protected":false},"author":1772,"featured_media":0,"comment_status":"closed","ping_status":"closed","sticky":false,"template":"","format":"standard","meta":{"fifu_image_url":"http:\/\/www.leaders.com.tn\/uploads\/content\/thumbnails_small\/1640372861_article.jpg","fifu_image_alt":"<div>M'hammed Essaafi, ancien secr\u00e9taire g\u00e9n\u00e9ral adjoint de l'ONU, est d\u00e9c\u00e9d\u00e9<\/div>","footnotes":""},"categories":[73,55],"tags":[],"class_list":["post-136758","post","type-post","status-publish","format-standard","hentry","category-actualite","category-tunisie"],"_links":{"self":[{"href":"https:\/\/linitiative.ca\/International\/wp-json\/wp\/v2\/posts\/136758","targetHints":{"allow":["GET"]}}],"collection":[{"href":"https:\/\/linitiative.ca\/International\/wp-json\/wp\/v2\/posts"}],"about":[{"href":"https:\/\/linitiative.ca\/International\/wp-json\/wp\/v2\/types\/post"}],"author":[{"embeddable":true,"href":"https:\/\/linitiative.ca\/International\/wp-json\/wp\/v2\/users\/1772"}],"replies":[{"embeddable":true,"href":"https:\/\/linitiative.ca\/International\/wp-json\/wp\/v2\/comments?post=136758"}],"version-history":[{"count":0,"href":"https:\/\/linitiative.ca\/International\/wp-json\/wp\/v2\/posts\/136758\/revisions"}],"wp:attachment":[{"href":"https:\/\/linitiative.ca\/International\/wp-json\/wp\/v2\/media?parent=136758"}],"wp:term":[{"taxonomy":"category","embeddable":true,"href":"https:\/\/linitiative.ca\/International\/wp-json\/wp\/v2\/categories?post=136758"},{"taxonomy":"post_tag","embeddable":true,"href":"https:\/\/linitiative.ca\/International\/wp-json\/wp\/v2\/tags?post=136758"}],"curies":[{"name":"wp","href":"https:\/\/api.w.org\/{rel}","templated":true}]}}