{"id":136761,"date":"2021-12-24T06:46:36","date_gmt":"2021-12-24T11:46:36","guid":{"rendered":"https:\/\/linitiative.ca\/International\/maroc-prolongation-de-la-suspension-des-vols-jusquau-31-janvier-2022\/"},"modified":"2021-12-24T06:46:36","modified_gmt":"2021-12-24T11:46:36","slug":"maroc-prolongation-de-la-suspension-des-vols-jusquau-31-janvier-2022","status":"publish","type":"post","link":"https:\/\/linitiative.ca\/International\/maroc-prolongation-de-la-suspension-des-vols-jusquau-31-janvier-2022\/","title":{"rendered":"Maroc. Prolongation de la suspension des vols jusqu\u2019au 31 janvier 2022"},"content":{"rendered":"<div><img decoding=\"async\" width=\"592\" height=\"296\" src=\"https:\/\/linitiative.ca\/International\/wp-content\/uploads\/sites\/23\/2021\/12\/vo.jpg\" class=\"attachment-post-thumbnail size-post-thumbnail wp-post-image\" alt=\"\" loading=\"lazy\" srcset=\"https:\/\/linitiative.ca\/International\/wp-content\/uploads\/sites\/23\/2021\/12\/vo.jpg 592w, https:\/\/www.challenge.ma\/wp-content\/uploads\/2021\/12\/vo-300x150.jpg 300w, https:\/\/www.challenge.ma\/wp-content\/uploads\/2021\/12\/vo-360x180.jpg 360w\" sizes=\"auto, (max-width: 592px) 100vw, 592px\" itemprop=\"image\">En raison de la situation \u00e9pid\u00e9miologique et de l\u2019apparition au Maroc du variant Omicron, l\u2019Office National des A\u00e9roports (ONDA) a annonc\u00e9 la prolongation de la suspension des vols internationaux jusqu\u2019au 31 janvier 2022. La suspension des vols avait \u00e9t\u00e9 dans un premier temps annonc\u00e9 jusqu\u2019au 31 D\u00e9cembre 2021. Elle vient<\/div>\n<p>Auteur: challenge<br \/>\n<a href=\"https:\/\/www.challenge.ma\/maroc-prolongation-de-la-suspension-des-vols-jusquau-31-janvier-2022-229322\/\">Cliquez ici pour lire l&rsquo;article depuis sa source.<\/a><\/p>\n","protected":false},"excerpt":{"rendered":"<p>En raison de la situation \u00e9pid\u00e9miologique et de l\u2019apparition au Maroc du variant Omicron, l\u2019Office National des A\u00e9roports (ONDA) a annonc\u00e9 la prolongation de la suspension des vols internationaux jusqu\u2019au 31 janvier 2022. La suspension des vols avait \u00e9t\u00e9 dans un premier temps annonc\u00e9 jusqu\u2019au 31 D\u00e9cembre 2021. Elle vient Auteur: challenge Cliquez ici pour [&hellip;]<\/p>\n","protected":false},"author":1787,"featured_media":0,"comment_status":"closed","ping_status":"closed","sticky":false,"template":"","format":"standard","meta":{"fifu_image_url":"https:\/\/www.challenge.ma\/wp-content\/uploads\/2021\/12\/vo.jpg","fifu_image_alt":"Maroc. Prolongation de la suspension des vols jusqu\u2019au 31 janvier 2022","footnotes":""},"categories":[78,54],"tags":[],"class_list":["post-136761","post","type-post","status-publish","format-standard","hentry","category-economie","category-maroc"],"_links":{"self":[{"href":"https:\/\/linitiative.ca\/International\/wp-json\/wp\/v2\/posts\/136761","targetHints":{"allow":["GET"]}}],"collection":[{"href":"https:\/\/linitiative.ca\/International\/wp-json\/wp\/v2\/posts"}],"about":[{"href":"https:\/\/linitiative.ca\/International\/wp-json\/wp\/v2\/types\/post"}],"author":[{"embeddable":true,"href":"https:\/\/linitiative.ca\/International\/wp-json\/wp\/v2\/users\/1787"}],"replies":[{"embeddable":true,"href":"https:\/\/linitiative.ca\/International\/wp-json\/wp\/v2\/comments?post=136761"}],"version-history":[{"count":0,"href":"https:\/\/linitiative.ca\/International\/wp-json\/wp\/v2\/posts\/136761\/revisions"}],"wp:attachment":[{"href":"https:\/\/linitiative.ca\/International\/wp-json\/wp\/v2\/media?parent=136761"}],"wp:term":[{"taxonomy":"category","embeddable":true,"href":"https:\/\/linitiative.ca\/International\/wp-json\/wp\/v2\/categories?post=136761"},{"taxonomy":"post_tag","embeddable":true,"href":"https:\/\/linitiative.ca\/International\/wp-json\/wp\/v2\/tags?post=136761"}],"curies":[{"name":"wp","href":"https:\/\/api.w.org\/{rel}","templated":true}]}}