{"id":136765,"date":"2021-12-24T10:38:08","date_gmt":"2021-12-24T15:38:08","guid":{"rendered":"https:\/\/linitiative.ca\/International\/evolution-du-coronavirus-au-maroc-654-nouveaux-cas-954-853-au-total-vendredi-24-decembre-2021-a-16-heures\/"},"modified":"2021-12-24T10:38:08","modified_gmt":"2021-12-24T15:38:08","slug":"evolution-du-coronavirus-au-maroc-654-nouveaux-cas-954-853-au-total-vendredi-24-decembre-2021-a-16-heures","status":"publish","type":"post","link":"https:\/\/linitiative.ca\/International\/evolution-du-coronavirus-au-maroc-654-nouveaux-cas-954-853-au-total-vendredi-24-decembre-2021-a-16-heures\/","title":{"rendered":"\u00c9volution du coronavirus au Maroc.  654 nouveaux cas, 954.853 au total, vendredi 24 d\u00e9cembre 2021 \u00e0 16 heures"},"content":{"rendered":"<div><img decoding=\"async\" width=\"592\" height=\"296\" src=\"https:\/\/linitiative.ca\/International\/wp-content\/uploads\/sites\/23\/2021\/12\/coronavirus-hopital.jpg\" class=\"attachment-post-thumbnail size-post-thumbnail wp-post-image\" alt=\"\" loading=\"lazy\" srcset=\"https:\/\/linitiative.ca\/International\/wp-content\/uploads\/sites\/23\/2021\/12\/coronavirus-hopital.jpg 592w, https:\/\/www.challenge.ma\/wp-content\/uploads\/2021\/06\/coronavirus-hopital-300x150.jpg 300w, https:\/\/www.challenge.ma\/wp-content\/uploads\/2021\/06\/coronavirus-hopital-360x180.jpg 360w\" sizes=\"auto, (max-width: 592px) 100vw, 592px\" itemprop=\"image\">654 nouveaux cas d\u2019infection au coronavirus ont \u00e9t\u00e9 confirm\u00e9s au Maroc durant les derni\u00e8res 24h, portant le nombre total de cas de contaminations \u00e0 954.853, a annonc\u00e9 le minist\u00e8re de la Sant\u00e9.\u00a0Le nombre de personnes d\u00e9clar\u00e9es gu\u00e9ries\u00a0s\u2019est \u00e9lev\u00e9 \u00e0 937.370 avec 237 r\u00e9missions suppl\u00e9mentaires, alors que le nombre de d\u00e9c\u00e8s<\/div>\n<p>Auteur: challenge<br \/>\n<a href=\"https:\/\/www.challenge.ma\/evolution-du-coronavirus-au-maroc-654-nouveaux-cas-954-853-au-total-vendredi-24-decembre-2021-a-16-heures-229341\/\">Cliquez ici pour lire l&rsquo;article depuis sa source.<\/a><\/p>\n","protected":false},"excerpt":{"rendered":"<p>654 nouveaux cas d\u2019infection au coronavirus ont \u00e9t\u00e9 confirm\u00e9s au Maroc durant les derni\u00e8res 24h, portant le nombre total de cas de contaminations \u00e0 954.853, a annonc\u00e9 le minist\u00e8re de la Sant\u00e9.\u00a0Le nombre de personnes d\u00e9clar\u00e9es gu\u00e9ries\u00a0s\u2019est \u00e9lev\u00e9 \u00e0 937.370 avec 237 r\u00e9missions suppl\u00e9mentaires, alors que le nombre de d\u00e9c\u00e8s Auteur: challenge Cliquez ici pour [&hellip;]<\/p>\n","protected":false},"author":1787,"featured_media":0,"comment_status":"closed","ping_status":"closed","sticky":false,"template":"","format":"standard","meta":{"fifu_image_url":"https:\/\/www.challenge.ma\/wp-content\/uploads\/2021\/06\/coronavirus-hopital.jpg","fifu_image_alt":"\u00c9volution du coronavirus au Maroc.  654 nouveaux cas, 954.853 au total, vendredi 24 d\u00e9cembre 2021 \u00e0 16 heures","footnotes":""},"categories":[78,54],"tags":[],"class_list":["post-136765","post","type-post","status-publish","format-standard","hentry","category-economie","category-maroc"],"_links":{"self":[{"href":"https:\/\/linitiative.ca\/International\/wp-json\/wp\/v2\/posts\/136765","targetHints":{"allow":["GET"]}}],"collection":[{"href":"https:\/\/linitiative.ca\/International\/wp-json\/wp\/v2\/posts"}],"about":[{"href":"https:\/\/linitiative.ca\/International\/wp-json\/wp\/v2\/types\/post"}],"author":[{"embeddable":true,"href":"https:\/\/linitiative.ca\/International\/wp-json\/wp\/v2\/users\/1787"}],"replies":[{"embeddable":true,"href":"https:\/\/linitiative.ca\/International\/wp-json\/wp\/v2\/comments?post=136765"}],"version-history":[{"count":0,"href":"https:\/\/linitiative.ca\/International\/wp-json\/wp\/v2\/posts\/136765\/revisions"}],"wp:attachment":[{"href":"https:\/\/linitiative.ca\/International\/wp-json\/wp\/v2\/media?parent=136765"}],"wp:term":[{"taxonomy":"category","embeddable":true,"href":"https:\/\/linitiative.ca\/International\/wp-json\/wp\/v2\/categories?post=136765"},{"taxonomy":"post_tag","embeddable":true,"href":"https:\/\/linitiative.ca\/International\/wp-json\/wp\/v2\/tags?post=136765"}],"curies":[{"name":"wp","href":"https:\/\/api.w.org\/{rel}","templated":true}]}}