{"id":136771,"date":"2021-12-24T15:57:41","date_gmt":"2021-12-24T20:57:41","guid":{"rendered":"https:\/\/linitiative.ca\/International\/sfax-video-reunion-publique-du-conseil-regional-du-mouvement-du-25-juillet\/"},"modified":"2021-12-24T15:57:41","modified_gmt":"2021-12-24T20:57:41","slug":"sfax-video-reunion-publique-du-conseil-regional-du-mouvement-du-25-juillet","status":"publish","type":"post","link":"https:\/\/linitiative.ca\/International\/sfax-video-reunion-publique-du-conseil-regional-du-mouvement-du-25-juillet\/","title":{"rendered":"Sfax [VIDEO] : R\u00e9union publique du conseil r\u00e9gional du mouvement du 25 juillet"},"content":{"rendered":"<div>\n<p>Mohamed Ben Moussa, le coordinateur r\u00e9gional du mouvement du 25 juillet \u00e0 Sfax, a indiqu\u00e9 au correspondant de Tunisienumerique ce vendredi 24 d\u00e9cembre 2021, que le mouvement a \u00e9t\u00e9 lanc\u00e9 dans toutes les d\u00e9l\u00e9gations du gouvernorat de Sfax et qu\u2019ils travaillent sur l\u2019organisation de leur premier congr\u00e8s. Ajoutant que le mouvement travaille selon les dates [\u2026]<\/p>\n<p>L\u2019article <a href=\"https:\/\/www.tunisienumerique.com\/sfax-video-reunion-publique-du-conseil-regional-du-mouvement-du-25-juillet\/\">Sfax [VIDEO] : R\u00e9union publique du conseil r\u00e9gional du mouvement du 25 juillet<\/a> est apparu en premier sur <a href=\"https:\/\/www.tunisienumerique.com\/\">Tunisie<\/a>.<\/p>\n<\/div>\n<p>Auteur: rania ben slimane<br \/>\n<a href=\"https:\/\/www.tunisienumerique.com\/sfax-video-reunion-publique-du-conseil-regional-du-mouvement-du-25-juillet\/\">Cliquez ici pour lire l&rsquo;article depuis sa source.<\/a><\/p>\n","protected":false},"excerpt":{"rendered":"<p>Mohamed Ben Moussa, le coordinateur r\u00e9gional du mouvement du 25 juillet \u00e0 Sfax, a indiqu\u00e9 au correspondant de Tunisienumerique ce vendredi 24 d\u00e9cembre 2021, que le mouvement a \u00e9t\u00e9 lanc\u00e9 dans toutes les d\u00e9l\u00e9gations du gouvernorat de Sfax et qu\u2019ils travaillent sur l\u2019organisation de leur premier congr\u00e8s. Ajoutant que le mouvement travaille selon les dates [&hellip;]<\/p>\n","protected":false},"author":1789,"featured_media":0,"comment_status":"closed","ping_status":"closed","sticky":false,"template":"","format":"standard","meta":{"fifu_image_url":"","fifu_image_alt":"","footnotes":""},"categories":[73,55],"tags":[],"class_list":["post-136771","post","type-post","status-publish","format-standard","hentry","category-actualite","category-tunisie"],"_links":{"self":[{"href":"https:\/\/linitiative.ca\/International\/wp-json\/wp\/v2\/posts\/136771","targetHints":{"allow":["GET"]}}],"collection":[{"href":"https:\/\/linitiative.ca\/International\/wp-json\/wp\/v2\/posts"}],"about":[{"href":"https:\/\/linitiative.ca\/International\/wp-json\/wp\/v2\/types\/post"}],"author":[{"embeddable":true,"href":"https:\/\/linitiative.ca\/International\/wp-json\/wp\/v2\/users\/1789"}],"replies":[{"embeddable":true,"href":"https:\/\/linitiative.ca\/International\/wp-json\/wp\/v2\/comments?post=136771"}],"version-history":[{"count":0,"href":"https:\/\/linitiative.ca\/International\/wp-json\/wp\/v2\/posts\/136771\/revisions"}],"wp:attachment":[{"href":"https:\/\/linitiative.ca\/International\/wp-json\/wp\/v2\/media?parent=136771"}],"wp:term":[{"taxonomy":"category","embeddable":true,"href":"https:\/\/linitiative.ca\/International\/wp-json\/wp\/v2\/categories?post=136771"},{"taxonomy":"post_tag","embeddable":true,"href":"https:\/\/linitiative.ca\/International\/wp-json\/wp\/v2\/tags?post=136771"}],"curies":[{"name":"wp","href":"https:\/\/api.w.org\/{rel}","templated":true}]}}