{"id":136776,"date":"2021-12-23T18:24:40","date_gmt":"2021-12-23T23:24:40","guid":{"rendered":"https:\/\/linitiative.ca\/International\/fete-de-noel-message-de-la-federation-des-eglises-et-missions-evangeliques-feme-du-burkina-faso\/"},"modified":"2021-12-23T18:24:40","modified_gmt":"2021-12-23T23:24:40","slug":"fete-de-noel-message-de-la-federation-des-eglises-et-missions-evangeliques-feme-du-burkina-faso","status":"publish","type":"post","link":"https:\/\/linitiative.ca\/International\/fete-de-noel-message-de-la-federation-des-eglises-et-missions-evangeliques-feme-du-burkina-faso\/","title":{"rendered":"F\u00eate de No\u00ebl : Message de la F\u00e9d\u00e9ration des \u00e9glises et missions \u00e9vang\u00e9liques (FEME) du Burkina Faso"},"content":{"rendered":"<div>\n<p><strong>Chers fid\u00e8les de nos Eglises, chers compatriotes du Burkina Faso, <\/strong><\/p>\n<p>Au-del\u00e0 de tout, nous rendons gr\u00e2ces \u00e0 l\u2019Eternel Notre Dieu! Car Il est souverain, et Sa mis\u00e9ricorde dure toujours ! En cette ann\u00e9e 2021, nous c\u00e9l\u00e9brons la f\u00eate de la nativit\u00e9 du Christ avec beaucoup d\u2019\u00e9motions li\u00e9es \u00e0 la crise s\u00e9curitaire et \u00e0 la pand\u00e9mie du Covid.19.<\/p>\n<p>C\u2019est pourquoi, la F\u00e9d\u00e9ration des Eglises et Missions Evang\u00e9liques du Burkina Faso invite les fid\u00e8les de nos Eglises et tous les compatriotes de l\u2019int\u00e9rieur comme de l\u2019ext\u00e9rieur \u00e0 f\u00eater dans le calme, la simplicit\u00e9, en respectant des horaires raisonnables, et en respectant les mesures barri\u00e8res. Que chacun de nous se comporte en vrai citoyen, \u00e9tant loyal \u00e0 Notre Seigneur et \u00e0 notre prochain.<\/p>\n<p>Apr\u00e8s tout, le Seigneur J\u00e9sus, le Messie, est venu dans ce monde sans faire de bruit. Car le bruit ne fait pas de bien, et le bien ne fait pas de bruit. Quand les temps ont \u00e9t\u00e9 accomplis, Dieu a envoy\u00e9 Son Fils dans le monde, n\u00e9 d\u2019une femme, n\u00e9 sous la loi. J\u00e9sus est venu accomplir la loi, et Il nous a sauv\u00e9s de nos p\u00e9ch\u00e9s. En effet, c\u2019est Lui Qui est l\u2019Agneau expiatoire Qui \u00f4te le p\u00e9ch\u00e9 du monde.<\/p>\n<p>A Sa naissance \u00e0 Bethlehem, les rois mages venus d\u2019Orient sont all\u00e9 L\u2019adorer, et Lui ont offert de l\u2019or, de l\u2019encens et de la myrrhe. Et nous aujourd\u2019hui, sommes-nous pr\u00eats \u00e0 L\u2019adorer et \u00e0 Lui donner le meilleur cadeau pour Son anniversaire ?<\/p>\n<p><strong>Chers fid\u00e8les, chers compatriotes, <\/strong><\/p>\n<p>No\u00ebl 2021 nous donne encore l\u2019occasion de revoir nos relations d\u2019abord avec Dieu, puis avec notre prochain. Sommes-nous en bons termes avec Dieu, avec notre femme, notre mari, nos enfants, nos fr\u00e8res et s\u0153urs, nos oncles et nos tantes, nos coll\u00e8gues de travail et nos voisins dans le quartier?<\/p>\n<p>Avons-nous la paix dans notre c\u0153ur? No\u00ebl, c\u2019est le temps de la paix : la paix avec Dieu et la paix avec les hommes. Comment faire pour que la paix de Dieu nous inonde ? Venons au Prince de la Paix pour chercher Dieu de tout notre c\u0153ur !<\/p>\n<p><strong>Chers Fid\u00e8les, chers citoyens, <\/strong><\/p>\n<p>Que No\u00ebl 2021 vous apporte la paix et la s\u00e9curit\u00e9, la sant\u00e9 physique et spirituelle, et que la joie du Seigneur soit partag\u00e9e par tous !<\/p>\n<p>Que Dieu exauce nos pri\u00e8res pour la s\u00e9curit\u00e9 et pour l\u2019\u00e9radication de la pand\u00e9mie sur la terre. Que la gr\u00e2ce et la joie du Seigneur soient votre partage en cette fin d\u2019ann\u00e9e pour un mieux vivre ensemble dans le Burkina Faso, pays des hommes int\u00e8gres! Joyeux No\u00ebl \u00e0 toutes et \u00e0 tous !<\/p>\n<p>Que Dieu b\u00e9nisse le Burkina Faso !<\/p>\n<p style=\"text-align: right\"><strong>Pour la FEME,<\/strong><\/p>\n<p style=\"text-align: right\"><strong> Le Pr\u00e9sident Pasteur Henri YE<\/strong><\/p>\n<p style=\"text-align: right\">Commandeur de l\u2019Ordre National<\/p>\n<p>L\u2019article <a rel=\"nofollow\" href=\"https:\/\/www.sidwaya.info\/blog\/2021\/12\/23\/fete-de-noel-message-de-la-federation-des-eglises-et-missions-evangeliques-feme-du-burkina-faso\/\">F\u00eate de No\u00ebl : Message de la F\u00e9d\u00e9ration des \u00e9glises et missions \u00e9vang\u00e9liques (FEME) du Burkina Faso<\/a> est apparu en premier sur <a rel=\"nofollow\" href=\"https:\/\/www.sidwaya.info\/\">Quotidien Sidwaya<\/a>.<\/p>\n<\/div>\n<p>Auteur: JK. Sidwaya<br \/>\n<a href=\"https:\/\/www.sidwaya.info\/blog\/2021\/12\/23\/fete-de-noel-message-de-la-federation-des-eglises-et-missions-evangeliques-feme-du-burkina-faso\/\">Cliquez ici pour lire l&rsquo;article depuis sa source.<\/a><\/p>\n","protected":false},"excerpt":{"rendered":"<p>Chers fid\u00e8les de nos Eglises, chers compatriotes du Burkina Faso, Au-del\u00e0 de tout, nous rendons gr\u00e2ces \u00e0 l\u2019Eternel Notre Dieu! Car Il est souverain, et Sa mis\u00e9ricorde dure toujours ! En cette ann\u00e9e 2021, nous c\u00e9l\u00e9brons la f\u00eate de la nativit\u00e9 du Christ avec beaucoup d\u2019\u00e9motions li\u00e9es \u00e0 la crise s\u00e9curitaire et \u00e0 la pand\u00e9mie [&hellip;]<\/p>\n","protected":false},"author":1816,"featured_media":0,"comment_status":"closed","ping_status":"closed","sticky":false,"template":"","format":"standard","meta":{"fifu_image_url":"","fifu_image_alt":"","footnotes":""},"categories":[73,81],"tags":[],"class_list":["post-136776","post","type-post","status-publish","format-standard","hentry","category-actualite","category-burkina-faso"],"_links":{"self":[{"href":"https:\/\/linitiative.ca\/International\/wp-json\/wp\/v2\/posts\/136776","targetHints":{"allow":["GET"]}}],"collection":[{"href":"https:\/\/linitiative.ca\/International\/wp-json\/wp\/v2\/posts"}],"about":[{"href":"https:\/\/linitiative.ca\/International\/wp-json\/wp\/v2\/types\/post"}],"author":[{"embeddable":true,"href":"https:\/\/linitiative.ca\/International\/wp-json\/wp\/v2\/users\/1816"}],"replies":[{"embeddable":true,"href":"https:\/\/linitiative.ca\/International\/wp-json\/wp\/v2\/comments?post=136776"}],"version-history":[{"count":0,"href":"https:\/\/linitiative.ca\/International\/wp-json\/wp\/v2\/posts\/136776\/revisions"}],"wp:attachment":[{"href":"https:\/\/linitiative.ca\/International\/wp-json\/wp\/v2\/media?parent=136776"}],"wp:term":[{"taxonomy":"category","embeddable":true,"href":"https:\/\/linitiative.ca\/International\/wp-json\/wp\/v2\/categories?post=136776"},{"taxonomy":"post_tag","embeddable":true,"href":"https:\/\/linitiative.ca\/International\/wp-json\/wp\/v2\/tags?post=136776"}],"curies":[{"name":"wp","href":"https:\/\/api.w.org\/{rel}","templated":true}]}}