{"id":136777,"date":"2021-12-23T18:29:24","date_gmt":"2021-12-23T23:29:24","guid":{"rendered":"https:\/\/linitiative.ca\/International\/fete-de-noel-le-cardinal-appelle-a-la-solidarite-envers-ceux-qui-souffrent\/"},"modified":"2021-12-23T18:29:24","modified_gmt":"2021-12-23T23:29:24","slug":"fete-de-noel-le-cardinal-appelle-a-la-solidarite-envers-ceux-qui-souffrent","status":"publish","type":"post","link":"https:\/\/linitiative.ca\/International\/fete-de-noel-le-cardinal-appelle-a-la-solidarite-envers-ceux-qui-souffrent\/","title":{"rendered":"F\u00eate de No\u00ebl: Le Cardinal appelle \u00e0 la solidarit\u00e9 envers ceux qui souffrent  \u00a0"},"content":{"rendered":"<div>\n<p><strong>Dans quelques heures, les fid\u00e8les chr\u00e9tiens vont c\u00e9l\u00e9brer la f\u00eate de No\u00ebl. A l\u2019or\u00e9e de la c\u00e9l\u00e9bration, le Cardinal Philippe Ou\u00e9draogo invite les fid\u00e8les \u00e0 f\u00eater dans la sobri\u00e9t\u00e9 tout en s\u2019exprimant sa solidarit\u00e9 aux personnes vuln\u00e9rables.<\/strong><\/p>\n<p><strong>\u00a0<\/strong>Chers fils et filles de l\u2019Eglise Famille de Dieu \u00e0 Ouagadougou. Dans la perspective des f\u00eates de No\u00ebl et du Nouvel An, je voudrais souhaiter \u00e0 tous et \u00e0 chacun d\u2019heureuses et saintes f\u00eates et vous communiquer des consignes utiles. Tout d\u2019abord, durant la p\u00e9riode des f\u00eates \u00e0 venir, nous sommes invit\u00e9s \u00e0 tenir compte de la situation difficile que traverse notre pays, et \u00e0 rester en communion avec la Nation toute enti\u00e8re actuellement \u00e9prouv\u00e9e au double plan s\u00e9curitaire et sanitaire.<\/p>\n<p>Ensuite, nous sommes invit\u00e9s \u00e0 rester vigilants, aussi bien au niveau s\u00e9curitaire que sanitaire. En effet, c\u2019est la p\u00e9riode o\u00f9 le grand banditisme s\u00e9vit \u00e0 travers les braquages\u00a0: prenons donc les pr\u00e9cautions n\u00e9cessaires. Ensuite, la pand\u00e9mie de la Covid\/19 n\u2019est pas encore derri\u00e8re nous\u00a0: alors restons mobilis\u00e9s. En outre, concernant les horaires de nos c\u00e9l\u00e9brations liturgiques et autres rencontres spirituelles, des dispositions n\u00e9cessaires doivent \u00eatre prises pour qu\u2019elles se terminent \u00e0 temps afin que les uns et les autres puissent rentrer chez eux avant minuit.<\/p>\n<p>Ainsi donc, il est recommand\u00e9 de commencer les c\u00e9l\u00e9brations au plus tard \u00e0 20 heures pour \u00eatre s\u00fbrs de finir \u00e0 temps.\u00a0 Enfin, mettons l\u2019accent sur la pri\u00e8re et l\u2019attention avec tous ceux qui souffrent plut\u00f4t que les r\u00e9jouissances populaires. Chaque communaut\u00e9 ou mouvement\/association, chaque famille, chaque personne est invit\u00e9e \u00e0 faire preuve de sobri\u00e9t\u00e9, compassion et solidarit\u00e9 envers les fr\u00e8res et s\u0153urs souffrants\u00a0: les d\u00e9plac\u00e9s internes, les familles endeuill\u00e9es, les personnes bless\u00e9es, les prisonniers, les malades\u2026<\/p>\n<p>En nature ou en esp\u00e8ces, individuellement ou communautairement, prenons quelque chose de nos r\u00e9jouissances des f\u00eates pour manifester notre solidarit\u00e9 et notre amour\u00a0! Tout en appelant \u00e0 rester vigilants et \u00e0 observer les pr\u00e9cautions d\u2019usages recommand\u00e9es, je vous invite \u00e0 rester en union de pri\u00e8res avec et pour la Nation.<\/p>\n<p>Fr\u00e8res et s\u0153urs bien-aim\u00e9s,<\/p>\n<p>Institu\u00e9e depuis le 4<sup>e<\/sup> si\u00e8cle, la f\u00eate de No\u00ebl que nous c\u00e9l\u00e9brons chaque ann\u00e9e nous renvoie au myst\u00e8re de l\u2019incarnation de Dieu.<\/p>\n<p>J\u00e9sus est vrai Dieu et vrai homme, \u00ab il est Dieu, n\u00e9 de Dieu, Lumi\u00e8re n\u00e9e de la Lumi\u00e8re vrai Dieu, n\u00e9 du vrai Dieu engendr\u00e9 non pas cr\u00e9\u00e9\u00a0\u00bb selon la formule de notre Credo symbole de Nic\u00e9e. J\u00e9sus est le Sauveur des hommes, le Messie attendu, le seul Seigneur. \u00c0 la naissance du Sauveur \u00e0 Bethl\u00e9em, une troupe c\u00e9leste innombrable, louait Dieu en chantant\u00a0: \u00ab\u00a0Gloire \u00e0 Dieu au plus haut des cieux et paix sur la terre aux hommes qu\u2019il aime.\u00a0\u00bb\u00a0 (Luc 2, 14).<\/p>\n<p>Ce chant des anges nous interpelle \u00e0 double titre\u00a0: En premier lieu, la paix auquel aspire l\u2019humanit\u00e9 tout enti\u00e8re est d\u2019abord un don de Dieu. Alors, c\u2019est une gr\u00e2ce \u00e0 demander instamment par tous les croyants. Dans notre situation tragique d\u2019ins\u00e9curit\u00e9 due aux forces du mal, n\u2019ayons de cesse de prier et d\u2019invoquer le Prince de la paix. En second lieu, la paix est \u00e9galement le fruit des efforts des hommes. Demandons au Seigneur de faire de nous tous des artisans de paix dans nos familles, au lieu du travail, dans nos quartiers, dans notre pays.<\/p>\n<p><strong>Heureux les artisans de paix, ils seront appel\u00e9s fils de Dieu. (Mt 5, 9)<\/strong><\/p>\n<p>Demandons pour notre nation la gr\u00e2ce des gr\u00e2ces \u00ab\u00a0la conversion des c\u0153urs et des habitudes\u00a0\u00bb pour pouvoir aimer r\u00e9ellement la paix et aimer faire la paix, nous impliquer concr\u00e8tement pour qu\u2019advienne la paix. Ainsi, pourrions-nous, promouvoir une soci\u00e9t\u00e9 plus saine, un monde plus digne, sans faim, sans pauvret\u00e9, sans violences et sans guerres.<\/p>\n<p>\u00c0 tous et \u00e0 toutes, fructueuses c\u00e9l\u00e9brations!<\/p>\n<p>Bonnes et Saintes F\u00eates de No\u00ebl et du Nouvel An.<\/p>\n<p><strong>Philippe Cardinal OUEDRAOGO<\/strong><\/p>\n<p><strong>Archev\u00eaque M\u00e9tropolitain de Ouagadougou<\/strong><\/p>\n<p>L\u2019article <a rel=\"nofollow\" href=\"https:\/\/www.sidwaya.info\/blog\/2021\/12\/23\/fete-de-noel-le-cardinal-appelle-a-la-solidarite-envers-ceux-qui-souffrent\/\">F\u00eate de No\u00ebl: Le Cardinal appelle \u00e0 la solidarit\u00e9 envers ceux qui souffrent  \u00a0<\/a> est apparu en premier sur <a rel=\"nofollow\" href=\"https:\/\/www.sidwaya.info\/\">Quotidien Sidwaya<\/a>.<\/p>\n<\/div>\n<p>Auteur: BS. Sidwaya<br \/>\n<a href=\"https:\/\/www.sidwaya.info\/blog\/2021\/12\/23\/fete-de-noel-le-cardinal-appelle-a-la-solidarite-envers-ceux-qui-souffrent\/\">Cliquez ici pour lire l&rsquo;article depuis sa source.<\/a><\/p>\n","protected":false},"excerpt":{"rendered":"<p>Dans quelques heures, les fid\u00e8les chr\u00e9tiens vont c\u00e9l\u00e9brer la f\u00eate de No\u00ebl. A l\u2019or\u00e9e de la c\u00e9l\u00e9bration, le Cardinal Philippe Ou\u00e9draogo invite les fid\u00e8les \u00e0 f\u00eater dans la sobri\u00e9t\u00e9 tout en s\u2019exprimant sa solidarit\u00e9 aux personnes vuln\u00e9rables. \u00a0Chers fils et filles de l\u2019Eglise Famille de Dieu \u00e0 Ouagadougou. Dans la perspective des f\u00eates de No\u00ebl [&hellip;]<\/p>\n","protected":false},"author":1816,"featured_media":0,"comment_status":"closed","ping_status":"closed","sticky":false,"template":"","format":"standard","meta":{"fifu_image_url":"","fifu_image_alt":"","footnotes":""},"categories":[73,81],"tags":[],"class_list":["post-136777","post","type-post","status-publish","format-standard","hentry","category-actualite","category-burkina-faso"],"_links":{"self":[{"href":"https:\/\/linitiative.ca\/International\/wp-json\/wp\/v2\/posts\/136777","targetHints":{"allow":["GET"]}}],"collection":[{"href":"https:\/\/linitiative.ca\/International\/wp-json\/wp\/v2\/posts"}],"about":[{"href":"https:\/\/linitiative.ca\/International\/wp-json\/wp\/v2\/types\/post"}],"author":[{"embeddable":true,"href":"https:\/\/linitiative.ca\/International\/wp-json\/wp\/v2\/users\/1816"}],"replies":[{"embeddable":true,"href":"https:\/\/linitiative.ca\/International\/wp-json\/wp\/v2\/comments?post=136777"}],"version-history":[{"count":0,"href":"https:\/\/linitiative.ca\/International\/wp-json\/wp\/v2\/posts\/136777\/revisions"}],"wp:attachment":[{"href":"https:\/\/linitiative.ca\/International\/wp-json\/wp\/v2\/media?parent=136777"}],"wp:term":[{"taxonomy":"category","embeddable":true,"href":"https:\/\/linitiative.ca\/International\/wp-json\/wp\/v2\/categories?post=136777"},{"taxonomy":"post_tag","embeddable":true,"href":"https:\/\/linitiative.ca\/International\/wp-json\/wp\/v2\/tags?post=136777"}],"curies":[{"name":"wp","href":"https:\/\/api.w.org\/{rel}","templated":true}]}}